{"id":14995,"date":"2025-04-28T12:28:18","date_gmt":"2025-04-28T10:28:18","guid":{"rendered":"https:\/\/www.mobiltesino.it\/mobiltesino-beim-fuorisalone-2025-herausragender-gast-im-kreativen-showroom-von-marta-goggi\/"},"modified":"2025-04-28T12:28:18","modified_gmt":"2025-04-28T10:28:18","slug":"mobiltesino-beim-fuorisalone-2025-herausragender-gast-im-kreativen-showroom-von-marta-goggi","status":"publish","type":"post","link":"https:\/\/www.mobiltesino.it\/de\/mobiltesino-beim-fuorisalone-2025-herausragender-gast-im-kreativen-showroom-von-marta-goggi\/","title":{"rendered":"Mobiltesino beim Fuorisalone 2025, herausragender Gast im kreativen Showroom von Marta Goggi"},"content":{"rendered":"\t\t<div data-elementor-type=\"wp-post\" data-elementor-id=\"14995\" class=\"elementor elementor-14995 elementor-14978\" data-elementor-post-type=\"post\">\n\t\t\t\t\t\t<header class=\"elementor-section elementor-top-section elementor-element elementor-element-e7ddeea elementor-section-content-middle elementor-section-full_width elementor-section-height-min-height elementor-section-height-default elementor-section-items-middle\" data-id=\"e7ddeea\" data-element_type=\"section\" data-settings=\"{&quot;background_background&quot;:&quot;classic&quot;,&quot;sticky&quot;:&quot;top&quot;,&quot;sticky_on&quot;:[&quot;desktop&quot;,&quot;tablet&quot;,&quot;mobile&quot;],&quot;sticky_offset&quot;:0,&quot;sticky_effects_offset&quot;:0,&quot;sticky_anchor_link_offset&quot;:0}\">\n\t\t\t\t\t\t<div class=\"elementor-container elementor-column-gap-no\">\n\t\t\t\t\t<div class=\"elementor-column elementor-col-50 elementor-top-column elementor-element elementor-element-bfc04ee\" data-id=\"bfc04ee\" data-element_type=\"column\">\n\t\t\t<div class=\"elementor-widget-wrap elementor-element-populated\">\n\t\t\t\t\t\t<div class=\"elementor-element elementor-element-46d6343 elementor-widget elementor-widget-oew-logo\" data-id=\"46d6343\" data-element_type=\"widget\" data-widget_type=\"oew-logo.default\">\n\t\t\t\t<div class=\"elementor-widget-container\">\n\t\t\t\n\t\t<div class=\"custom-header-logo clr\">\n\n\t\t\t\n\n<div id=\"site-logo\" class=\"clr\" itemscope itemtype=\"https:\/\/schema.org\/Brand\" >\n\n\t\n\t<div id=\"site-logo-inner\" class=\"clr\">\n\n\t\t<a href=\"https:\/\/www.mobiltesino.it\/de\/\" class=\"custom-logo-link\" rel=\"home\"><img decoding=\"async\" width=\"350\" height=\"130\" src=\"https:\/\/www.mobiltesino.it\/wp-content\/uploads\/2021\/03\/cropped-logo-1.png\" class=\"custom-logo\" alt=\"Mobiltesino Atelier dal 1978\" srcset=\"https:\/\/www.mobiltesino.it\/wp-content\/uploads\/2021\/03\/cropped-logo-1.png 1x, https:\/\/www.mobiltesino.it\/wp-content\/uploads\/2021\/03\/logo.png 2x\" sizes=\"(max-width: 350px) 100vw, 350px\" \/><\/a>\n\t<\/div><!-- #site-logo-inner -->\n\n\t\n\t\n<\/div><!-- #site-logo -->\n\n\n\t\t<\/div>\n\n\t\t\t\t<\/div>\n\t\t\t\t<\/div>\n\t\t\t\t\t<\/div>\n\t\t<\/div>\n\t\t\t\t<div class=\"elementor-column elementor-col-50 elementor-top-column elementor-element elementor-element-bdc3608\" data-id=\"bdc3608\" data-element_type=\"column\">\n\t\t\t<div class=\"elementor-widget-wrap elementor-element-populated\">\n\t\t\t\t\t\t<div class=\"elementor-element elementor-element-0a455fe elementor-widget__width-auto elementor-hidden-phone elementor-widget elementor-widget-wpml-language-switcher\" data-id=\"0a455fe\" data-element_type=\"widget\" data-widget_type=\"wpml-language-switcher.default\">\n\t\t\t\t<div class=\"elementor-widget-container\">\n\t\t\t<div class=\"wpml-elementor-ls\">\n<div class=\"wpml-ls-statics-shortcode_actions wpml-ls wpml-ls-legacy-list-horizontal\">\n\t<ul><li class=\"wpml-ls-slot-shortcode_actions wpml-ls-item wpml-ls-item-it wpml-ls-first-item wpml-ls-item-legacy-list-horizontal\">\n\t\t\t\t<a href=\"https:\/\/www.mobiltesino.it\/\" class=\"wpml-ls-link\">\n                    <span class=\"wpml-ls-display\">ITA<\/span><\/a>\n\t\t\t<\/li><li class=\"wpml-ls-slot-shortcode_actions wpml-ls-item wpml-ls-item-en wpml-ls-item-legacy-list-horizontal\">\n\t\t\t\t<a href=\"https:\/\/www.mobiltesino.it\/en\/\" class=\"wpml-ls-link\">\n                    <span class=\"wpml-ls-display\">ENG<\/span><\/a>\n\t\t\t<\/li><li class=\"wpml-ls-slot-shortcode_actions wpml-ls-item wpml-ls-item-de wpml-ls-current-language wpml-ls-last-item wpml-ls-item-legacy-list-horizontal\">\n\t\t\t\t<a href=\"https:\/\/www.mobiltesino.it\/de\/\" class=\"wpml-ls-link\">\n                    <span class=\"wpml-ls-native\">DEU<\/span><\/a>\n\t\t\t<\/li><\/ul>\n<\/div>\n<\/div>\t\t<\/div>\n\t\t\t\t<\/div>\n\t\t\t\t<div class=\"elementor-element elementor-element-521e35c elementor-nav-menu--stretch elementor-nav-menu__text-align-center elementor-widget__width-auto elementor-nav-menu--toggle elementor-nav-menu--burger elementor-widget elementor-widget-nav-menu\" data-id=\"521e35c\" data-element_type=\"widget\" data-settings=\"{&quot;layout&quot;:&quot;dropdown&quot;,&quot;full_width&quot;:&quot;stretch&quot;,&quot;submenu_icon&quot;:{&quot;value&quot;:&quot;&lt;i class=\\&quot;fas fa-caret-down\\&quot;&gt;&lt;\\\/i&gt;&quot;,&quot;library&quot;:&quot;fa-solid&quot;},&quot;toggle&quot;:&quot;burger&quot;}\" data-widget_type=\"nav-menu.default\">\n\t\t\t\t<div class=\"elementor-widget-container\">\n\t\t\t\t\t<div class=\"elementor-menu-toggle\" role=\"button\" tabindex=\"0\" aria-label=\"Menu Toggle\" aria-expanded=\"false\">\n\t\t\t<i aria-hidden=\"true\" role=\"presentation\" class=\"elementor-menu-toggle__icon--open eicon-menu-bar\"><\/i><i aria-hidden=\"true\" role=\"presentation\" class=\"elementor-menu-toggle__icon--close eicon-close\"><\/i>\t\t\t<span class=\"elementor-screen-only\">Men\u00fc<\/span>\n\t\t<\/div>\n\t\t\t\t\t<nav class=\"elementor-nav-menu--dropdown elementor-nav-menu__container\" aria-hidden=\"true\">\n\t\t\t\t<ul id=\"menu-2-521e35c\" class=\"elementor-nav-menu\"><li class=\"menu-item wpml-ls-slot-16 wpml-ls-item wpml-ls-item-de wpml-ls-current-language wpml-ls-menu-item wpml-ls-last-item menu-item-type-wpml_ls_menu_item menu-item-object-wpml_ls_menu_item menu-item-has-children menu-item-wpml-ls-16-de\"><a title=\"DEU\" href=\"https:\/\/www.mobiltesino.it\/de\/\" class=\"elementor-item\" tabindex=\"-1\"><span class=\"wpml-ls-native\" lang=\"de\">DEU<\/span><\/a>\n<ul class=\"sub-menu elementor-nav-menu--dropdown\">\n\t<li class=\"menu-item wpml-ls-slot-16 wpml-ls-item wpml-ls-item-it wpml-ls-menu-item wpml-ls-first-item menu-item-type-wpml_ls_menu_item menu-item-object-wpml_ls_menu_item menu-item-wpml-ls-16-it\"><a title=\"ITA\" href=\"https:\/\/www.mobiltesino.it\/\" class=\"elementor-sub-item\" tabindex=\"-1\"><span class=\"wpml-ls-native\" lang=\"it\">ITA<\/span><\/a><\/li>\n\t<li class=\"menu-item wpml-ls-slot-16 wpml-ls-item wpml-ls-item-en wpml-ls-menu-item menu-item-type-wpml_ls_menu_item menu-item-object-wpml_ls_menu_item menu-item-wpml-ls-16-en\"><a title=\"ENG\" href=\"https:\/\/www.mobiltesino.it\/en\/\" class=\"elementor-sub-item\" tabindex=\"-1\"><span class=\"wpml-ls-native\" lang=\"en\">ENG<\/span><\/a><\/li>\n<\/ul>\n<\/li>\n<li class=\"menu-item menu-item-type-post_type menu-item-object-page menu-item-home menu-item-4954\"><a href=\"https:\/\/www.mobiltesino.it\/de\/\" class=\"elementor-item\" tabindex=\"-1\">home<\/a><\/li>\n<li class=\"menu-item menu-item-type-post_type menu-item-object-page menu-item-4955\"><a href=\"https:\/\/www.mobiltesino.it\/de\/unternehmen\/\" class=\"elementor-item\" tabindex=\"-1\">Unternehmen<\/a><\/li>\n<li class=\"menu-item menu-item-type-post_type menu-item-object-page menu-item-4956\"><a href=\"https:\/\/www.mobiltesino.it\/de\/kollektionen\/\" class=\"elementor-item\" tabindex=\"-1\">Kollektionen<\/a><\/li>\n<li class=\"menu-item menu-item-type-post_type menu-item-object-page menu-item-4957\"><a href=\"https:\/\/www.mobiltesino.it\/de\/herunterladen\/\" class=\"elementor-item\" tabindex=\"-1\">Herunterladen<\/a><\/li>\n<li class=\"menu-item menu-item-type-post_type menu-item-object-page menu-item-4958\"><a href=\"https:\/\/www.mobiltesino.it\/de\/blognews\/\" class=\"elementor-item\" tabindex=\"-1\">Blog&amp;news<\/a><\/li>\n<li class=\"menu-item menu-item-type-post_type menu-item-object-page menu-item-4959\"><a href=\"https:\/\/www.mobiltesino.it\/de\/verkaufsnetz\/\" class=\"elementor-item\" tabindex=\"-1\">Verkaufsnetz<\/a><\/li>\n<li class=\"menu-item menu-item-type-post_type menu-item-object-page menu-item-4960\"><a href=\"https:\/\/www.mobiltesino.it\/de\/kontakte\/\" class=\"elementor-item\" tabindex=\"-1\">Kontakte<\/a><\/li>\n<\/ul>\t\t\t<\/nav>\n\t\t\t\t<\/div>\n\t\t\t\t<\/div>\n\t\t\t\t\t<\/div>\n\t\t<\/div>\n\t\t\t\t\t<\/div>\n\t\t<\/header>\n\t\t\t\t<section class=\"elementor-section elementor-top-section elementor-element elementor-element-810864c elementor-section-boxed elementor-section-height-default elementor-section-height-default\" data-id=\"810864c\" data-element_type=\"section\" data-settings=\"{&quot;background_background&quot;:&quot;classic&quot;}\">\n\t\t\t\t\t\t<div class=\"elementor-container elementor-column-gap-default\">\n\t\t\t\t\t<div class=\"elementor-column elementor-col-100 elementor-top-column elementor-element elementor-element-93f7ac6\" data-id=\"93f7ac6\" data-element_type=\"column\">\n\t\t\t<div class=\"elementor-widget-wrap elementor-element-populated\">\n\t\t\t\t\t\t<div class=\"elementor-element elementor-element-99f55b1 elementor-widget elementor-widget-image\" data-id=\"99f55b1\" data-element_type=\"widget\" data-widget_type=\"image.default\">\n\t\t\t\t<div class=\"elementor-widget-container\">\n\t\t\t\t\t\t\t\t\t\t\t\t\t<img fetchpriority=\"high\" decoding=\"async\" width=\"1500\" height=\"1000\" src=\"https:\/\/www.mobiltesino.it\/wp-content\/uploads\/2025\/04\/Fuori-salone-copertina-def-02.jpg\" class=\"attachment-full size-full wp-image-14946\" alt=\"\" srcset=\"https:\/\/www.mobiltesino.it\/wp-content\/uploads\/2025\/04\/Fuori-salone-copertina-def-02.jpg 1500w, https:\/\/www.mobiltesino.it\/wp-content\/uploads\/2025\/04\/Fuori-salone-copertina-def-02-300x200.jpg 300w, https:\/\/www.mobiltesino.it\/wp-content\/uploads\/2025\/04\/Fuori-salone-copertina-def-02-1024x683.jpg 1024w, https:\/\/www.mobiltesino.it\/wp-content\/uploads\/2025\/04\/Fuori-salone-copertina-def-02-768x512.jpg 768w\" sizes=\"(max-width: 1500px) 100vw, 1500px\" \/>\t\t\t\t\t\t\t\t\t\t\t\t\t<\/div>\n\t\t\t\t<\/div>\n\t\t\t\t\t<\/div>\n\t\t<\/div>\n\t\t\t\t\t<\/div>\n\t\t<\/section>\n\t\t\t\t<section class=\"elementor-section elementor-top-section elementor-element elementor-element-b41f955 elementor-section-boxed elementor-section-height-default elementor-section-height-default\" data-id=\"b41f955\" data-element_type=\"section\">\n\t\t\t\t\t\t<div class=\"elementor-container elementor-column-gap-default\">\n\t\t\t\t\t<div class=\"elementor-column elementor-col-100 elementor-top-column elementor-element elementor-element-97f2afd\" data-id=\"97f2afd\" data-element_type=\"column\">\n\t\t\t<div class=\"elementor-widget-wrap elementor-element-populated\">\n\t\t\t\t\t\t<div class=\"elementor-element elementor-element-8d28975 elementor-view-default elementor-widget elementor-widget-icon\" data-id=\"8d28975\" data-element_type=\"widget\" data-widget_type=\"icon.default\">\n\t\t\t\t<div class=\"elementor-widget-container\">\n\t\t\t\t\t<div class=\"elementor-icon-wrapper\">\n\t\t\t<a class=\"elementor-icon\" href=\"https:\/\/www.mobiltesino.it\/blognews\/\">\n\t\t\t<i aria-hidden=\"true\" class=\"fas fa-arrow-left\"><\/i>\t\t\t<\/a>\n\t\t<\/div>\n\t\t\t\t<\/div>\n\t\t\t\t<\/div>\n\t\t\t\t\t<\/div>\n\t\t<\/div>\n\t\t\t\t\t<\/div>\n\t\t<\/section>\n\t\t\t\t<section class=\"elementor-section elementor-top-section elementor-element elementor-element-09bac62 elementor-section-boxed elementor-section-height-default elementor-section-height-default\" data-id=\"09bac62\" data-element_type=\"section\">\n\t\t\t\t\t\t<div class=\"elementor-container elementor-column-gap-default\">\n\t\t\t\t\t<div class=\"elementor-column elementor-col-100 elementor-top-column elementor-element elementor-element-cdff3cd\" data-id=\"cdff3cd\" data-element_type=\"column\">\n\t\t\t<div class=\"elementor-widget-wrap elementor-element-populated\">\n\t\t\t\t\t\t<div class=\"elementor-element elementor-element-089f299 elementor-widget elementor-widget-text-editor\" data-id=\"089f299\" data-element_type=\"widget\" data-widget_type=\"text-editor.default\">\n\t\t\t\t<div class=\"elementor-widget-container\">\n\t\t\t\t\t\t\t<h1>Mobiltesino beim Fuorisalone 2025, herausragender Gast im kreativen Showroom von Marta Goggi.<\/h1>\n<p>Anl\u00e4sslich der Milano Design Week nahm Mobiltesino mit gro\u00dfer Begeisterung am <strong>Fuorisalone 2025<\/strong> teil und beteiligte sich an einem Ausstellungsprojekt, das von <strong>Marta Goggi<\/strong> in ihrem<strong> kreativen Showroom<\/strong> im pulsierenden Herzen des Mail\u00e4nder Designviertels kuratiert wurde.<\/p>\n<p>Marta Goggi gelang es, einen dynamischen und mitrei\u00dfenden Raum zu schaffen, in dem sie<strong> komplement\u00e4re Unternehmen<\/strong> in einer bis ins kleinste Detail durchdachten Inszenierung vereinte \u2013 eine wahre<strong> kreative Alchemie<\/strong>, die dazu gedacht war, allen Besuchern Inspiration und Mehrwert zu bieten. In einem st\u00e4ndigen Dialog von Atmosph\u00e4ren, Materialien und Konzepten erz\u00e4hlte der Raum eine flie\u00dfende und koh\u00e4rente Geschichte \u00fcber die Entwicklung des zeitgen\u00f6ssischen Designs.<\/p>\n<p>Der H\u00f6hepunkt der Woche war der <strong>Vernissage-Cocktail am Mittwoch, den 8. April<\/strong>, der den Showroom in einen lebendigen Treffpunkt f\u00fcr Enthusiasten, Fachleute und Neugierige verwandelte. Die Veranstaltung zog ein gro\u00dfes Publikum an und bezeugte das wachsende Interesse an einem reichhaltigen, anregenden und sorgf\u00e4ltig kuratierten Ausstellungskonzept.<\/p>\n<p>Mobiltesino trug mit seinen Produkten dazu bei, die Ausstellung mit L\u00f6sungen aufzuwerten, die \u00c4sthetik, Funktionalit\u00e4t und Forschung vereinen. Eine Erfahrung, die die Verbindung zwischen dem Unternehmen und der Designwelt st\u00e4rkt \u2013 einer Welt, die zunehmend von Zusammenarbeit und kreativer Inspiration gepr\u00e4gt ist.<\/p>\n\t\t\t\t\t\t<\/div>\n\t\t\t\t<\/div>\n\t\t\t\t\t<\/div>\n\t\t<\/div>\n\t\t\t\t\t<\/div>\n\t\t<\/section>\n\t\t\t\t<section class=\"elementor-section elementor-top-section elementor-element elementor-element-13da88f elementor-section-boxed elementor-section-height-default elementor-section-height-default\" data-id=\"13da88f\" data-element_type=\"section\">\n\t\t\t\t\t\t<div class=\"elementor-container elementor-column-gap-default\">\n\t\t\t\t\t<div class=\"elementor-column elementor-col-100 elementor-top-column elementor-element elementor-element-3e085a9\" data-id=\"3e085a9\" data-element_type=\"column\">\n\t\t\t<div class=\"elementor-widget-wrap elementor-element-populated\">\n\t\t\t\t\t\t<div class=\"elementor-element elementor-element-e281539 elementor-widget elementor-widget-image-gallery\" data-id=\"e281539\" data-element_type=\"widget\" data-widget_type=\"image-gallery.default\">\n\t\t\t\t<div class=\"elementor-widget-container\">\n\t\t\t\t\t<div class=\"elementor-image-gallery\">\n\t\t\t<div id='gallery-1' class='gallery galleryid-14995 gallery-columns-4 gallery-size-full'><figure class='gallery-item'>\n\t\t\t<div class='gallery-icon portrait'>\n\t\t\t\t<a data-elementor-open-lightbox=\"yes\" data-elementor-lightbox-slideshow=\"e281539\" data-elementor-lightbox-title=\"Fuori salone 2\" data-e-action-hash=\"#elementor-action%3Aaction%3Dlightbox%26settings%3DeyJpZCI6MTQ4ODIsInVybCI6Imh0dHBzOlwvXC93d3cubW9iaWx0ZXNpbm8uaXRcL3dwLWNvbnRlbnRcL3VwbG9hZHNcLzIwMjVcLzA0XC9GdW9yaS1zYWxvbmUtMi5qcGciLCJzbGlkZXNob3ciOiJlMjgxNTM5In0%3D\" href='https:\/\/www.mobiltesino.it\/wp-content\/uploads\/2025\/04\/Fuori-salone-2.jpg'><img decoding=\"async\" width=\"1080\" height=\"1350\" src=\"https:\/\/www.mobiltesino.it\/wp-content\/uploads\/2025\/04\/Fuori-salone-2.jpg\" class=\"attachment-full size-full\" alt=\"\" srcset=\"https:\/\/www.mobiltesino.it\/wp-content\/uploads\/2025\/04\/Fuori-salone-2.jpg 1080w, https:\/\/www.mobiltesino.it\/wp-content\/uploads\/2025\/04\/Fuori-salone-2-240x300.jpg 240w, https:\/\/www.mobiltesino.it\/wp-content\/uploads\/2025\/04\/Fuori-salone-2-819x1024.jpg 819w, https:\/\/www.mobiltesino.it\/wp-content\/uploads\/2025\/04\/Fuori-salone-2-768x960.jpg 768w\" sizes=\"(max-width: 1080px) 100vw, 1080px\" \/><\/a>\n\t\t\t<\/div><\/figure><figure class='gallery-item'>\n\t\t\t<div class='gallery-icon portrait'>\n\t\t\t\t<a data-elementor-open-lightbox=\"yes\" data-elementor-lightbox-slideshow=\"e281539\" data-elementor-lightbox-title=\"Fuori salone 1\" data-e-action-hash=\"#elementor-action%3Aaction%3Dlightbox%26settings%3DeyJpZCI6MTQ4ODUsInVybCI6Imh0dHBzOlwvXC93d3cubW9iaWx0ZXNpbm8uaXRcL3dwLWNvbnRlbnRcL3VwbG9hZHNcLzIwMjVcLzA0XC9GdW9yaS1zYWxvbmUtMS5qcGciLCJzbGlkZXNob3ciOiJlMjgxNTM5In0%3D\" href='https:\/\/www.mobiltesino.it\/wp-content\/uploads\/2025\/04\/Fuori-salone-1.jpg'><img loading=\"lazy\" decoding=\"async\" width=\"1080\" height=\"1350\" src=\"https:\/\/www.mobiltesino.it\/wp-content\/uploads\/2025\/04\/Fuori-salone-1.jpg\" class=\"attachment-full size-full\" alt=\"\" srcset=\"https:\/\/www.mobiltesino.it\/wp-content\/uploads\/2025\/04\/Fuori-salone-1.jpg 1080w, https:\/\/www.mobiltesino.it\/wp-content\/uploads\/2025\/04\/Fuori-salone-1-240x300.jpg 240w, https:\/\/www.mobiltesino.it\/wp-content\/uploads\/2025\/04\/Fuori-salone-1-819x1024.jpg 819w, https:\/\/www.mobiltesino.it\/wp-content\/uploads\/2025\/04\/Fuori-salone-1-768x960.jpg 768w\" sizes=\"(max-width: 1080px) 100vw, 1080px\" \/><\/a>\n\t\t\t<\/div><\/figure><figure class='gallery-item'>\n\t\t\t<div class='gallery-icon portrait'>\n\t\t\t\t<a data-elementor-open-lightbox=\"yes\" data-elementor-lightbox-slideshow=\"e281539\" data-elementor-lightbox-title=\"Fuori salone 3\" data-e-action-hash=\"#elementor-action%3Aaction%3Dlightbox%26settings%3DeyJpZCI6MTQ4ODgsInVybCI6Imh0dHBzOlwvXC93d3cubW9iaWx0ZXNpbm8uaXRcL3dwLWNvbnRlbnRcL3VwbG9hZHNcLzIwMjVcLzA0XC9GdW9yaS1zYWxvbmUtMy5qcGciLCJzbGlkZXNob3ciOiJlMjgxNTM5In0%3D\" href='https:\/\/www.mobiltesino.it\/wp-content\/uploads\/2025\/04\/Fuori-salone-3.jpg'><img loading=\"lazy\" decoding=\"async\" width=\"1080\" height=\"1350\" src=\"https:\/\/www.mobiltesino.it\/wp-content\/uploads\/2025\/04\/Fuori-salone-3.jpg\" class=\"attachment-full size-full\" alt=\"\" srcset=\"https:\/\/www.mobiltesino.it\/wp-content\/uploads\/2025\/04\/Fuori-salone-3.jpg 1080w, https:\/\/www.mobiltesino.it\/wp-content\/uploads\/2025\/04\/Fuori-salone-3-240x300.jpg 240w, https:\/\/www.mobiltesino.it\/wp-content\/uploads\/2025\/04\/Fuori-salone-3-819x1024.jpg 819w, https:\/\/www.mobiltesino.it\/wp-content\/uploads\/2025\/04\/Fuori-salone-3-768x960.jpg 768w\" sizes=\"(max-width: 1080px) 100vw, 1080px\" \/><\/a>\n\t\t\t<\/div><\/figure><figure class='gallery-item'>\n\t\t\t<div class='gallery-icon portrait'>\n\t\t\t\t<a data-elementor-open-lightbox=\"yes\" data-elementor-lightbox-slideshow=\"e281539\" data-elementor-lightbox-title=\"Fuori salone 4\" data-e-action-hash=\"#elementor-action%3Aaction%3Dlightbox%26settings%3DeyJpZCI6MTQ4OTEsInVybCI6Imh0dHBzOlwvXC93d3cubW9iaWx0ZXNpbm8uaXRcL3dwLWNvbnRlbnRcL3VwbG9hZHNcLzIwMjVcLzA0XC9GdW9yaS1zYWxvbmUtNC5qcGciLCJzbGlkZXNob3ciOiJlMjgxNTM5In0%3D\" href='https:\/\/www.mobiltesino.it\/wp-content\/uploads\/2025\/04\/Fuori-salone-4.jpg'><img loading=\"lazy\" decoding=\"async\" width=\"1080\" height=\"1350\" src=\"https:\/\/www.mobiltesino.it\/wp-content\/uploads\/2025\/04\/Fuori-salone-4.jpg\" class=\"attachment-full size-full\" alt=\"\" srcset=\"https:\/\/www.mobiltesino.it\/wp-content\/uploads\/2025\/04\/Fuori-salone-4.jpg 1080w, https:\/\/www.mobiltesino.it\/wp-content\/uploads\/2025\/04\/Fuori-salone-4-240x300.jpg 240w, https:\/\/www.mobiltesino.it\/wp-content\/uploads\/2025\/04\/Fuori-salone-4-819x1024.jpg 819w, https:\/\/www.mobiltesino.it\/wp-content\/uploads\/2025\/04\/Fuori-salone-4-768x960.jpg 768w\" sizes=\"(max-width: 1080px) 100vw, 1080px\" \/><\/a>\n\t\t\t<\/div><\/figure>\n\t\t<\/div>\n\t\t<\/div>\n\t\t\t\t<\/div>\n\t\t\t\t<\/div>\n\t\t\t\t\t<\/div>\n\t\t<\/div>\n\t\t\t\t\t<\/div>\n\t\t<\/section>\n\t\t\t\t<section class=\"elementor-section elementor-top-section elementor-element elementor-element-1fdcb6d elementor-section-full_width elementor-section-height-min-height elementor-section-height-default elementor-section-items-middle\" data-id=\"1fdcb6d\" data-element_type=\"section\" data-settings=\"{&quot;background_background&quot;:&quot;classic&quot;}\">\n\t\t\t\t\t\t<div class=\"elementor-container elementor-column-gap-default\">\n\t\t\t\t\t<div class=\"elementor-column elementor-col-100 elementor-top-column elementor-element elementor-element-0438c71\" data-id=\"0438c71\" data-element_type=\"column\">\n\t\t\t<div class=\"elementor-widget-wrap elementor-element-populated\">\n\t\t\t\t\t\t<section class=\"elementor-section elementor-inner-section elementor-element elementor-element-b9b1414 elementor-section-boxed elementor-section-height-default elementor-section-height-default\" data-id=\"b9b1414\" data-element_type=\"section\">\n\t\t\t\t\t\t<div class=\"elementor-container elementor-column-gap-default\">\n\t\t\t\t\t<div class=\"elementor-column elementor-col-100 elementor-inner-column elementor-element elementor-element-2af26f2\" data-id=\"2af26f2\" data-element_type=\"column\">\n\t\t\t<div class=\"elementor-widget-wrap elementor-element-populated\">\n\t\t\t\t\t\t<section class=\"elementor-section elementor-inner-section elementor-element elementor-element-dbeb509 elementor-section-full_width elementor-section-height-default elementor-section-height-default\" data-id=\"dbeb509\" data-element_type=\"section\">\n\t\t\t\t\t\t<div class=\"elementor-container elementor-column-gap-narrow\">\n\t\t\t\t\t<div class=\"elementor-column elementor-col-50 elementor-inner-column elementor-element elementor-element-a0efeca\" data-id=\"a0efeca\" data-element_type=\"column\">\n\t\t\t<div class=\"elementor-widget-wrap elementor-element-populated\">\n\t\t\t\t\t\t<div class=\"elementor-element elementor-element-1e9006c elementor-widget elementor-widget-text-editor\" data-id=\"1e9006c\" data-element_type=\"widget\" data-widget_type=\"text-editor.default\">\n\t\t\t\t<div class=\"elementor-widget-container\">\n\t\t\t\t\t\t\t<p>Mobiltesino Srl<br \/>P.Iva e C.F. 00354690448 &#8211; Reg. Imprese Ascoli Piceno n.00354690448 | C.C.I.A.A. AP n.83359 &#8211; M &#8211; 061699 Cap.Soc. \u20ac78000 Int. Vers.<\/p>\n\t\t\t\t\t\t<\/div>\n\t\t\t\t<\/div>\n\t\t\t\t\t<\/div>\n\t\t<\/div>\n\t\t\t\t<div class=\"elementor-column elementor-col-25 elementor-inner-column elementor-element elementor-element-17304d5\" data-id=\"17304d5\" data-element_type=\"column\">\n\t\t\t<div class=\"elementor-widget-wrap\">\n\t\t\t\t\t\t\t<\/div>\n\t\t<\/div>\n\t\t\t\t<div class=\"elementor-column elementor-col-25 elementor-inner-column elementor-element elementor-element-59eb6aa\" data-id=\"59eb6aa\" data-element_type=\"column\">\n\t\t\t<div class=\"elementor-widget-wrap elementor-element-populated\">\n\t\t\t\t\t\t<div class=\"elementor-element elementor-element-6938524 elementor-shape-square elementor-grid-0 e-grid-align-center elementor-widget elementor-widget-social-icons\" data-id=\"6938524\" data-element_type=\"widget\" data-widget_type=\"social-icons.default\">\n\t\t\t\t<div class=\"elementor-widget-container\">\n\t\t\t\t\t<div class=\"elementor-social-icons-wrapper elementor-grid\">\n\t\t\t\t\t\t\t<span class=\"elementor-grid-item\">\n\t\t\t\t\t<a class=\"elementor-icon elementor-social-icon elementor-social-icon- elementor-repeater-item-49e1457\" href=\"https:\/\/www.facebook.com\/mobiltesino\/\" target=\"_blank\">\n\t\t\t\t\t\t<span class=\"elementor-screen-only\"><\/span>\n\t\t\t\t\t\t<svg xmlns=\"http:\/\/www.w3.org\/2000\/svg\" xmlns:xlink=\"http:\/\/www.w3.org\/1999\/xlink\" id=\"Capa_1\" x=\"0px\" y=\"0px\" viewBox=\"0 0 96.1 96.1\" style=\"enable-background:new 0 0 96.1 96.1;\" xml:space=\"preserve\"><style type=\"text\/css\">\t.st0{fill:#FFFFFF;}<\/style><g>\t<path class=\"st0\" d=\"M72.1,0L59.6,0c-14,0-23.1,9.3-23.1,23.7v10.9H24c-1.1,0-2,0.9-2,2v15.8c0,1.1,0.9,2,2,2h12.5v39.9   c0,1.1,0.9,2,2,2h16.4c1.1,0,2-0.9,2-2V54.3h14.7c1.1,0,2-0.9,2-2l0-15.8c0-0.5-0.2-1-0.6-1.4s-0.9-0.6-1.4-0.6H56.8v-9.2   c0-4.4,1.1-6.7,6.8-6.7l8.4,0c1.1,0,2-0.9,2-2V2C74,0.9,73.2,0,72.1,0z\"><\/path><\/g><\/svg>\t\t\t\t\t<\/a>\n\t\t\t\t<\/span>\n\t\t\t\t\t\t\t<span class=\"elementor-grid-item\">\n\t\t\t\t\t<a class=\"elementor-icon elementor-social-icon elementor-social-icon- elementor-repeater-item-262fc86\" href=\"https:\/\/www.instagram.com\/mobiltesino\/\" target=\"_blank\">\n\t\t\t\t\t\t<span class=\"elementor-screen-only\"><\/span>\n\t\t\t\t\t\t<svg xmlns=\"http:\/\/www.w3.org\/2000\/svg\" xmlns:xlink=\"http:\/\/www.w3.org\/1999\/xlink\" id=\"Layer_1\" x=\"0px\" y=\"0px\" viewBox=\"0 0 169.1 169.1\" style=\"enable-background:new 0 0 169.1 169.1;\" xml:space=\"preserve\"><style type=\"text\/css\">\t.st0{fill:#FFFFFF;}<\/style><g>\t<path class=\"st0\" d=\"M122.4,0H46.7C20.9,0,0,20.9,0,46.7v75.8c0,25.7,20.9,46.7,46.7,46.7h75.8c25.7,0,46.7-20.9,46.7-46.7V46.7  C169.1,20.9,148.1,0,122.4,0z M154.1,122.4c0,17.5-14.2,31.7-31.7,31.7H46.7c-17.5,0-31.7-14.2-31.7-31.7V46.7  C15,29.2,29.2,15,46.7,15h75.8c17.5,0,31.7,14.2,31.7,31.7L154.1,122.4L154.1,122.4z\"><\/path>\t<path class=\"st0\" d=\"M84.5,41C60.5,41,41,60.5,41,84.5c0,24,19.5,43.6,43.6,43.6s43.6-19.5,43.6-43.6C128.1,60.5,108.6,41,84.5,41z   M84.5,113.1c-15.7,0-28.6-12.8-28.6-28.6C56,68.8,68.8,56,84.5,56s28.6,12.8,28.6,28.6C113.1,100.3,100.3,113.1,84.5,113.1z\"><\/path>\t<path class=\"st0\" d=\"M129.9,28.3c-2.9,0-5.7,1.2-7.8,3.2c-2.1,2-3.2,4.9-3.2,7.8c0,2.9,1.2,5.7,3.2,7.8c2,2,4.9,3.2,7.8,3.2  c2.9,0,5.7-1.2,7.8-3.2c2.1-2,3.2-4.9,3.2-7.8c0-2.9-1.2-5.7-3.2-7.8C135.7,29.4,132.8,28.3,129.9,28.3z\"><\/path><\/g><\/svg>\t\t\t\t\t<\/a>\n\t\t\t\t<\/span>\n\t\t\t\t\t\t\t<span class=\"elementor-grid-item\">\n\t\t\t\t\t<a class=\"elementor-icon elementor-social-icon elementor-social-icon-youtube elementor-repeater-item-f8815b2\" href=\"https:\/\/www.youtube.com\/user\/Mobiltesinosrl\" target=\"_blank\">\n\t\t\t\t\t\t<span class=\"elementor-screen-only\">Youtube<\/span>\n\t\t\t\t\t\t<i class=\"fab fa-youtube\"><\/i>\t\t\t\t\t<\/a>\n\t\t\t\t<\/span>\n\t\t\t\t\t<\/div>\n\t\t\t\t<\/div>\n\t\t\t\t<\/div>\n\t\t\t\t\t<\/div>\n\t\t<\/div>\n\t\t\t\t\t<\/div>\n\t\t<\/section>\n\t\t\t\t\t<\/div>\n\t\t<\/div>\n\t\t\t\t\t<\/div>\n\t\t<\/section>\n\t\t\t\t<div class=\"elementor-element elementor-element-5ec1fad elementor-widget elementor-widget-text-editor\" data-id=\"5ec1fad\" data-element_type=\"widget\" data-widget_type=\"text-editor.default\">\n\t\t\t\t<div class=\"elementor-widget-container\">\n\t\t\t\t\t\t\t<p><a href=\"https:\/\/www.mobiltesino.it\/de\/privacy-policy\/\">Privacy Policy<\/a><\/p>\n\t\t\t\t\t\t<\/div>\n\t\t\t\t<\/div>\n\t\t\t\t<div class=\"elementor-element elementor-element-746b9a8 oew-align-right elementor-invisible elementor-widget elementor-widget-global elementor-global-2103 elementor-widget-oew-scroll-up\" data-id=\"746b9a8\" data-element_type=\"widget\" data-settings=\"{&quot;sticky&quot;:&quot;bottom&quot;,&quot;_animation&quot;:&quot;fadeIn&quot;,&quot;sticky_on&quot;:[&quot;desktop&quot;,&quot;tablet&quot;,&quot;mobile&quot;],&quot;sticky_offset&quot;:0,&quot;sticky_effects_offset&quot;:0,&quot;sticky_anchor_link_offset&quot;:0}\" data-widget_type=\"oew-scroll-up.default\">\n\t\t\t\t<div class=\"elementor-widget-container\">\n\t\t\t\r\n\t\t<div class=\"oew-scroll-button\">\r\n\t\t\t<a href=\"#\" class=\"button\">\r\n\t\t\t\t\t\t\t\t\t<span class=\"oew-button-icon\">\r\n\t\t\t\t\t\t<i aria-hidden=\"true\" class=\"fas fa-angle-up\"><\/i>\t\t\t\t\t<\/span>\r\n\t\t\t\t\r\n\t\t\t\t\r\n\t\t\t\t\t\t\t<\/a>\r\n\t\t<\/div>\r\n\r\n\t\t\t<\/div>\n\t\t\t\t<\/div>\n\t\t\t\t\t<\/div>\n\t\t<\/div>\n\t\t\t\t\t<\/div>\n\t\t<\/section>\n\t\t\t\t<\/div>\n\t\t","protected":false},"excerpt":{"rendered":"<p>Anl\u00e4sslich der Milano Design Week nahm Mobiltesino mit gro\u00dfer Begeisterung am Fuorisalone 2025 teil und beteiligte sich an einem Ausstellungsprojekt, das von Marta Goggi in ihrem kreativen Showroom im pulsierenden Herzen des Mail\u00e4nder Designviertels kuratiert wurde.<\/p>\n","protected":false},"author":9,"featured_media":14946,"comment_status":"closed","ping_status":"closed","sticky":false,"template":"elementor_canvas","format":"standard","meta":{"_acf_changed":false,"ocean_post_layout":"","ocean_both_sidebars_style":"","ocean_both_sidebars_content_width":0,"ocean_both_sidebars_sidebars_width":0,"ocean_sidebar":"","ocean_second_sidebar":"","ocean_disable_margins":"enable","ocean_add_body_class":"","ocean_shortcode_before_top_bar":"","ocean_shortcode_after_top_bar":"","ocean_shortcode_before_header":"","ocean_shortcode_after_header":"","ocean_has_shortcode":"","ocean_shortcode_after_title":"","ocean_shortcode_before_footer_widgets":"","ocean_shortcode_after_footer_widgets":"","ocean_shortcode_before_footer_bottom":"","ocean_shortcode_after_footer_bottom":"","ocean_display_top_bar":"default","ocean_display_header":"default","ocean_header_style":"","ocean_center_header_left_menu":"","ocean_custom_header_template":"","ocean_custom_logo":0,"ocean_custom_retina_logo":0,"ocean_custom_logo_max_width":0,"ocean_custom_logo_tablet_max_width":0,"ocean_custom_logo_mobile_max_width":0,"ocean_custom_logo_max_height":0,"ocean_custom_logo_tablet_max_height":0,"ocean_custom_logo_mobile_max_height":0,"ocean_header_custom_menu":"","ocean_menu_typo_font_family":"","ocean_menu_typo_font_subset":"","ocean_menu_typo_font_size":0,"ocean_menu_typo_font_size_tablet":0,"ocean_menu_typo_font_size_mobile":0,"ocean_menu_typo_font_size_unit":"px","ocean_menu_typo_font_weight":"","ocean_menu_typo_font_weight_tablet":"","ocean_menu_typo_font_weight_mobile":"","ocean_menu_typo_transform":"","ocean_menu_typo_transform_tablet":"","ocean_menu_typo_transform_mobile":"","ocean_menu_typo_line_height":0,"ocean_menu_typo_line_height_tablet":0,"ocean_menu_typo_line_height_mobile":0,"ocean_menu_typo_line_height_unit":"","ocean_menu_typo_spacing":0,"ocean_menu_typo_spacing_tablet":0,"ocean_menu_typo_spacing_mobile":0,"ocean_menu_typo_spacing_unit":"","ocean_menu_link_color":"","ocean_menu_link_color_hover":"","ocean_menu_link_color_active":"","ocean_menu_link_background":"","ocean_menu_link_hover_background":"","ocean_menu_link_active_background":"","ocean_menu_social_links_bg":"","ocean_menu_social_hover_links_bg":"","ocean_menu_social_links_color":"","ocean_menu_social_hover_links_color":"","ocean_disable_title":"default","ocean_disable_heading":"default","ocean_post_title":"","ocean_post_subheading":"","ocean_post_title_style":"","ocean_post_title_background_color":"","ocean_post_title_background":0,"ocean_post_title_bg_image_position":"","ocean_post_title_bg_image_attachment":"","ocean_post_title_bg_image_repeat":"","ocean_post_title_bg_image_size":"","ocean_post_title_height":0,"ocean_post_title_bg_overlay":0.5,"ocean_post_title_bg_overlay_color":"","ocean_disable_breadcrumbs":"default","ocean_breadcrumbs_color":"","ocean_breadcrumbs_separator_color":"","ocean_breadcrumbs_links_color":"","ocean_breadcrumbs_links_hover_color":"","ocean_display_footer_widgets":"default","ocean_display_footer_bottom":"default","ocean_custom_footer_template":"","ocean_post_oembed":"","ocean_post_self_hosted_media":"","ocean_post_video_embed":"","ocean_link_format":"","ocean_link_format_target":"self","ocean_quote_format":"","ocean_quote_format_link":"post","ocean_gallery_link_images":"on","ocean_gallery_id":[],"footnotes":""},"categories":[57,55,44],"tags":[],"tax_2861":[],"class_list":["post-14995","post","type-post","status-publish","format-standard","has-post-thumbnail","hentry","category-pressespiegel","category-veranstaltungen","category-news-home-de","entry","has-media"],"acf":[],"yoast_head":"<!-- This site is optimized with the Yoast SEO plugin v23.8 - https:\/\/yoast.com\/wordpress\/plugins\/seo\/ -->\n<title>Mobiltesino beim Fuorisalone 2025, herausragender Gast im kreativen Showroom von Marta Goggi - Mobiltesino Atelier dal 1978<\/title>\n<meta name=\"robots\" content=\"index, follow, max-snippet:-1, max-image-preview:large, max-video-preview:-1\" \/>\n<link rel=\"canonical\" href=\"https:\/\/www.mobiltesino.it\/mobiltesino-al-fuorisalone-2025-ospite-deccellenza-nello-showroom-creativo-di-marta-goggi-2\/\" \/>\n<meta property=\"og:locale\" content=\"de_DE\" \/>\n<meta property=\"og:type\" content=\"article\" \/>\n<meta property=\"og:title\" content=\"Mobiltesino beim Fuorisalone 2025, herausragender Gast im kreativen Showroom von Marta Goggi - Mobiltesino Atelier dal 1978\" \/>\n<meta property=\"og:description\" content=\"Anl\u00e4sslich der Milano Design Week nahm Mobiltesino mit gro\u00dfer Begeisterung am Fuorisalone 2025 teil und beteiligte sich an einem Ausstellungsprojekt, das von Marta Goggi in ihrem kreativen Showroom im pulsierenden Herzen des Mail\u00e4nder Designviertels kuratiert wurde.\" \/>\n<meta property=\"og:url\" content=\"https:\/\/www.mobiltesino.it\/mobiltesino-al-fuorisalone-2025-ospite-deccellenza-nello-showroom-creativo-di-marta-goggi-2\/\" \/>\n<meta property=\"og:site_name\" content=\"Mobiltesino Atelier dal 1978\" \/>\n<meta property=\"article:published_time\" content=\"2025-04-28T10:28:18+00:00\" \/>\n<meta property=\"og:image\" content=\"https:\/\/www.mobiltesino.it\/wp-content\/uploads\/2025\/04\/Fuori-salone-copertina-def-02.jpg\" \/>\n\t<meta property=\"og:image:width\" content=\"1500\" \/>\n\t<meta property=\"og:image:height\" content=\"1000\" \/>\n\t<meta property=\"og:image:type\" content=\"image\/jpeg\" \/>\n<meta name=\"author\" content=\"mbil-tsn-adm\" \/>\n<meta name=\"twitter:card\" content=\"summary_large_image\" \/>\n<meta name=\"twitter:label1\" content=\"Verfasst von\" \/>\n\t<meta name=\"twitter:data1\" content=\"mbil-tsn-adm\" \/>\n\t<meta name=\"twitter:label2\" content=\"Gesch\u00e4tzte Lesezeit\" \/>\n\t<meta name=\"twitter:data2\" content=\"1 Minute\" \/>\n<script type=\"application\/ld+json\" class=\"yoast-schema-graph\">{\"@context\":\"https:\/\/schema.org\",\"@graph\":[{\"@type\":\"Article\",\"@id\":\"https:\/\/www.mobiltesino.it\/mobiltesino-al-fuorisalone-2025-ospite-deccellenza-nello-showroom-creativo-di-marta-goggi-2\/#article\",\"isPartOf\":{\"@id\":\"https:\/\/www.mobiltesino.it\/mobiltesino-al-fuorisalone-2025-ospite-deccellenza-nello-showroom-creativo-di-marta-goggi-2\/\"},\"author\":{\"name\":\"mbil-tsn-adm\",\"@id\":\"https:\/\/www.mobiltesino.it\/#\/schema\/person\/77d2631ee89690ab2dad9dc0e6db4d12\"},\"headline\":\"Mobiltesino beim Fuorisalone 2025, herausragender Gast im kreativen Showroom von Marta Goggi\",\"datePublished\":\"2025-04-28T10:28:18+00:00\",\"dateModified\":\"2025-04-28T10:28:18+00:00\",\"mainEntityOfPage\":{\"@id\":\"https:\/\/www.mobiltesino.it\/mobiltesino-al-fuorisalone-2025-ospite-deccellenza-nello-showroom-creativo-di-marta-goggi-2\/\"},\"wordCount\":262,\"publisher\":{\"@id\":\"https:\/\/www.mobiltesino.it\/#organization\"},\"image\":{\"@id\":\"https:\/\/www.mobiltesino.it\/mobiltesino-al-fuorisalone-2025-ospite-deccellenza-nello-showroom-creativo-di-marta-goggi-2\/#primaryimage\"},\"thumbnailUrl\":\"https:\/\/www.mobiltesino.it\/wp-content\/uploads\/2025\/04\/Fuori-salone-copertina-def-02.jpg\",\"articleSection\":[\"Pressespiegel\",\"Veranstaltungen\",\"News-Home\"],\"inLanguage\":\"de\"},{\"@type\":\"WebPage\",\"@id\":\"https:\/\/www.mobiltesino.it\/mobiltesino-al-fuorisalone-2025-ospite-deccellenza-nello-showroom-creativo-di-marta-goggi-2\/\",\"url\":\"https:\/\/www.mobiltesino.it\/mobiltesino-al-fuorisalone-2025-ospite-deccellenza-nello-showroom-creativo-di-marta-goggi-2\/\",\"name\":\"Mobiltesino beim Fuorisalone 2025, herausragender Gast im kreativen Showroom von Marta Goggi - Mobiltesino Atelier dal 1978\",\"isPartOf\":{\"@id\":\"https:\/\/www.mobiltesino.it\/#website\"},\"primaryImageOfPage\":{\"@id\":\"https:\/\/www.mobiltesino.it\/mobiltesino-al-fuorisalone-2025-ospite-deccellenza-nello-showroom-creativo-di-marta-goggi-2\/#primaryimage\"},\"image\":{\"@id\":\"https:\/\/www.mobiltesino.it\/mobiltesino-al-fuorisalone-2025-ospite-deccellenza-nello-showroom-creativo-di-marta-goggi-2\/#primaryimage\"},\"thumbnailUrl\":\"https:\/\/www.mobiltesino.it\/wp-content\/uploads\/2025\/04\/Fuori-salone-copertina-def-02.jpg\",\"datePublished\":\"2025-04-28T10:28:18+00:00\",\"dateModified\":\"2025-04-28T10:28:18+00:00\",\"breadcrumb\":{\"@id\":\"https:\/\/www.mobiltesino.it\/mobiltesino-al-fuorisalone-2025-ospite-deccellenza-nello-showroom-creativo-di-marta-goggi-2\/#breadcrumb\"},\"inLanguage\":\"de\",\"potentialAction\":[{\"@type\":\"ReadAction\",\"target\":[\"https:\/\/www.mobiltesino.it\/mobiltesino-al-fuorisalone-2025-ospite-deccellenza-nello-showroom-creativo-di-marta-goggi-2\/\"]}]},{\"@type\":\"ImageObject\",\"inLanguage\":\"de\",\"@id\":\"https:\/\/www.mobiltesino.it\/mobiltesino-al-fuorisalone-2025-ospite-deccellenza-nello-showroom-creativo-di-marta-goggi-2\/#primaryimage\",\"url\":\"https:\/\/www.mobiltesino.it\/wp-content\/uploads\/2025\/04\/Fuori-salone-copertina-def-02.jpg\",\"contentUrl\":\"https:\/\/www.mobiltesino.it\/wp-content\/uploads\/2025\/04\/Fuori-salone-copertina-def-02.jpg\",\"width\":1500,\"height\":1000},{\"@type\":\"BreadcrumbList\",\"@id\":\"https:\/\/www.mobiltesino.it\/mobiltesino-al-fuorisalone-2025-ospite-deccellenza-nello-showroom-creativo-di-marta-goggi-2\/#breadcrumb\",\"itemListElement\":[{\"@type\":\"ListItem\",\"position\":1,\"name\":\"Home\",\"item\":\"https:\/\/www.mobiltesino.it\/de\/\"},{\"@type\":\"ListItem\",\"position\":2,\"name\":\"Mobiltesino beim Fuorisalone 2025, herausragender Gast im kreativen Showroom von Marta Goggi\"}]},{\"@type\":\"WebSite\",\"@id\":\"https:\/\/www.mobiltesino.it\/#website\",\"url\":\"https:\/\/www.mobiltesino.it\/\",\"name\":\"Mobiltesino Atelier dal 1978\",\"description\":\"Mobiltesino Atelier dal 1978\",\"publisher\":{\"@id\":\"https:\/\/www.mobiltesino.it\/#organization\"},\"potentialAction\":[{\"@type\":\"SearchAction\",\"target\":{\"@type\":\"EntryPoint\",\"urlTemplate\":\"https:\/\/www.mobiltesino.it\/?s={search_term_string}\"},\"query-input\":{\"@type\":\"PropertyValueSpecification\",\"valueRequired\":true,\"valueName\":\"search_term_string\"}}],\"inLanguage\":\"de\"},{\"@type\":\"Organization\",\"@id\":\"https:\/\/www.mobiltesino.it\/#organization\",\"name\":\"Mobiltesino Atelier dal 1978\",\"url\":\"https:\/\/www.mobiltesino.it\/\",\"logo\":{\"@type\":\"ImageObject\",\"inLanguage\":\"de\",\"@id\":\"https:\/\/www.mobiltesino.it\/#\/schema\/logo\/image\/\",\"url\":\"https:\/\/www.mobiltesino.it\/wp-content\/uploads\/2021\/03\/cropped-logo-1.png\",\"contentUrl\":\"https:\/\/www.mobiltesino.it\/wp-content\/uploads\/2021\/03\/cropped-logo-1.png\",\"width\":350,\"height\":130,\"caption\":\"Mobiltesino Atelier dal 1978\"},\"image\":{\"@id\":\"https:\/\/www.mobiltesino.it\/#\/schema\/logo\/image\/\"}},{\"@type\":\"Person\",\"@id\":\"https:\/\/www.mobiltesino.it\/#\/schema\/person\/77d2631ee89690ab2dad9dc0e6db4d12\",\"name\":\"mbil-tsn-adm\",\"image\":{\"@type\":\"ImageObject\",\"inLanguage\":\"de\",\"@id\":\"https:\/\/www.mobiltesino.it\/#\/schema\/person\/image\/\",\"url\":\"https:\/\/secure.gravatar.com\/avatar\/d4df44a502510dc8fe5b0be415308b35?s=96&d=mm&r=g\",\"contentUrl\":\"https:\/\/secure.gravatar.com\/avatar\/d4df44a502510dc8fe5b0be415308b35?s=96&d=mm&r=g\",\"caption\":\"mbil-tsn-adm\"},\"url\":\"https:\/\/www.mobiltesino.it\/de\/author\/mbil-tsn-adm\/\"}]}<\/script>\n<!-- \/ Yoast SEO plugin. -->","yoast_head_json":{"title":"Mobiltesino beim Fuorisalone 2025, herausragender Gast im kreativen Showroom von Marta Goggi - Mobiltesino Atelier dal 1978","robots":{"index":"index","follow":"follow","max-snippet":"max-snippet:-1","max-image-preview":"max-image-preview:large","max-video-preview":"max-video-preview:-1"},"canonical":"https:\/\/www.mobiltesino.it\/mobiltesino-al-fuorisalone-2025-ospite-deccellenza-nello-showroom-creativo-di-marta-goggi-2\/","og_locale":"de_DE","og_type":"article","og_title":"Mobiltesino beim Fuorisalone 2025, herausragender Gast im kreativen Showroom von Marta Goggi - Mobiltesino Atelier dal 1978","og_description":"Anl\u00e4sslich der Milano Design Week nahm Mobiltesino mit gro\u00dfer Begeisterung am Fuorisalone 2025 teil und beteiligte sich an einem Ausstellungsprojekt, das von Marta Goggi in ihrem kreativen Showroom im pulsierenden Herzen des Mail\u00e4nder Designviertels kuratiert wurde.","og_url":"https:\/\/www.mobiltesino.it\/mobiltesino-al-fuorisalone-2025-ospite-deccellenza-nello-showroom-creativo-di-marta-goggi-2\/","og_site_name":"Mobiltesino Atelier dal 1978","article_published_time":"2025-04-28T10:28:18+00:00","og_image":[{"width":1500,"height":1000,"url":"https:\/\/www.mobiltesino.it\/wp-content\/uploads\/2025\/04\/Fuori-salone-copertina-def-02.jpg","type":"image\/jpeg"}],"author":"mbil-tsn-adm","twitter_card":"summary_large_image","twitter_misc":{"Verfasst von":"mbil-tsn-adm","Gesch\u00e4tzte Lesezeit":"1 Minute"},"schema":{"@context":"https:\/\/schema.org","@graph":[{"@type":"Article","@id":"https:\/\/www.mobiltesino.it\/mobiltesino-al-fuorisalone-2025-ospite-deccellenza-nello-showroom-creativo-di-marta-goggi-2\/#article","isPartOf":{"@id":"https:\/\/www.mobiltesino.it\/mobiltesino-al-fuorisalone-2025-ospite-deccellenza-nello-showroom-creativo-di-marta-goggi-2\/"},"author":{"name":"mbil-tsn-adm","@id":"https:\/\/www.mobiltesino.it\/#\/schema\/person\/77d2631ee89690ab2dad9dc0e6db4d12"},"headline":"Mobiltesino beim Fuorisalone 2025, herausragender Gast im kreativen Showroom von Marta Goggi","datePublished":"2025-04-28T10:28:18+00:00","dateModified":"2025-04-28T10:28:18+00:00","mainEntityOfPage":{"@id":"https:\/\/www.mobiltesino.it\/mobiltesino-al-fuorisalone-2025-ospite-deccellenza-nello-showroom-creativo-di-marta-goggi-2\/"},"wordCount":262,"publisher":{"@id":"https:\/\/www.mobiltesino.it\/#organization"},"image":{"@id":"https:\/\/www.mobiltesino.it\/mobiltesino-al-fuorisalone-2025-ospite-deccellenza-nello-showroom-creativo-di-marta-goggi-2\/#primaryimage"},"thumbnailUrl":"https:\/\/www.mobiltesino.it\/wp-content\/uploads\/2025\/04\/Fuori-salone-copertina-def-02.jpg","articleSection":["Pressespiegel","Veranstaltungen","News-Home"],"inLanguage":"de"},{"@type":"WebPage","@id":"https:\/\/www.mobiltesino.it\/mobiltesino-al-fuorisalone-2025-ospite-deccellenza-nello-showroom-creativo-di-marta-goggi-2\/","url":"https:\/\/www.mobiltesino.it\/mobiltesino-al-fuorisalone-2025-ospite-deccellenza-nello-showroom-creativo-di-marta-goggi-2\/","name":"Mobiltesino beim Fuorisalone 2025, herausragender Gast im kreativen Showroom von Marta Goggi - Mobiltesino Atelier dal 1978","isPartOf":{"@id":"https:\/\/www.mobiltesino.it\/#website"},"primaryImageOfPage":{"@id":"https:\/\/www.mobiltesino.it\/mobiltesino-al-fuorisalone-2025-ospite-deccellenza-nello-showroom-creativo-di-marta-goggi-2\/#primaryimage"},"image":{"@id":"https:\/\/www.mobiltesino.it\/mobiltesino-al-fuorisalone-2025-ospite-deccellenza-nello-showroom-creativo-di-marta-goggi-2\/#primaryimage"},"thumbnailUrl":"https:\/\/www.mobiltesino.it\/wp-content\/uploads\/2025\/04\/Fuori-salone-copertina-def-02.jpg","datePublished":"2025-04-28T10:28:18+00:00","dateModified":"2025-04-28T10:28:18+00:00","breadcrumb":{"@id":"https:\/\/www.mobiltesino.it\/mobiltesino-al-fuorisalone-2025-ospite-deccellenza-nello-showroom-creativo-di-marta-goggi-2\/#breadcrumb"},"inLanguage":"de","potentialAction":[{"@type":"ReadAction","target":["https:\/\/www.mobiltesino.it\/mobiltesino-al-fuorisalone-2025-ospite-deccellenza-nello-showroom-creativo-di-marta-goggi-2\/"]}]},{"@type":"ImageObject","inLanguage":"de","@id":"https:\/\/www.mobiltesino.it\/mobiltesino-al-fuorisalone-2025-ospite-deccellenza-nello-showroom-creativo-di-marta-goggi-2\/#primaryimage","url":"https:\/\/www.mobiltesino.it\/wp-content\/uploads\/2025\/04\/Fuori-salone-copertina-def-02.jpg","contentUrl":"https:\/\/www.mobiltesino.it\/wp-content\/uploads\/2025\/04\/Fuori-salone-copertina-def-02.jpg","width":1500,"height":1000},{"@type":"BreadcrumbList","@id":"https:\/\/www.mobiltesino.it\/mobiltesino-al-fuorisalone-2025-ospite-deccellenza-nello-showroom-creativo-di-marta-goggi-2\/#breadcrumb","itemListElement":[{"@type":"ListItem","position":1,"name":"Home","item":"https:\/\/www.mobiltesino.it\/de\/"},{"@type":"ListItem","position":2,"name":"Mobiltesino beim Fuorisalone 2025, herausragender Gast im kreativen Showroom von Marta Goggi"}]},{"@type":"WebSite","@id":"https:\/\/www.mobiltesino.it\/#website","url":"https:\/\/www.mobiltesino.it\/","name":"Mobiltesino Atelier dal 1978","description":"Mobiltesino Atelier dal 1978","publisher":{"@id":"https:\/\/www.mobiltesino.it\/#organization"},"potentialAction":[{"@type":"SearchAction","target":{"@type":"EntryPoint","urlTemplate":"https:\/\/www.mobiltesino.it\/?s={search_term_string}"},"query-input":{"@type":"PropertyValueSpecification","valueRequired":true,"valueName":"search_term_string"}}],"inLanguage":"de"},{"@type":"Organization","@id":"https:\/\/www.mobiltesino.it\/#organization","name":"Mobiltesino Atelier dal 1978","url":"https:\/\/www.mobiltesino.it\/","logo":{"@type":"ImageObject","inLanguage":"de","@id":"https:\/\/www.mobiltesino.it\/#\/schema\/logo\/image\/","url":"https:\/\/www.mobiltesino.it\/wp-content\/uploads\/2021\/03\/cropped-logo-1.png","contentUrl":"https:\/\/www.mobiltesino.it\/wp-content\/uploads\/2021\/03\/cropped-logo-1.png","width":350,"height":130,"caption":"Mobiltesino Atelier dal 1978"},"image":{"@id":"https:\/\/www.mobiltesino.it\/#\/schema\/logo\/image\/"}},{"@type":"Person","@id":"https:\/\/www.mobiltesino.it\/#\/schema\/person\/77d2631ee89690ab2dad9dc0e6db4d12","name":"mbil-tsn-adm","image":{"@type":"ImageObject","inLanguage":"de","@id":"https:\/\/www.mobiltesino.it\/#\/schema\/person\/image\/","url":"https:\/\/secure.gravatar.com\/avatar\/d4df44a502510dc8fe5b0be415308b35?s=96&d=mm&r=g","contentUrl":"https:\/\/secure.gravatar.com\/avatar\/d4df44a502510dc8fe5b0be415308b35?s=96&d=mm&r=g","caption":"mbil-tsn-adm"},"url":"https:\/\/www.mobiltesino.it\/de\/author\/mbil-tsn-adm\/"}]}},"_links":{"self":[{"href":"https:\/\/www.mobiltesino.it\/de\/wp-json\/wp\/v2\/posts\/14995"}],"collection":[{"href":"https:\/\/www.mobiltesino.it\/de\/wp-json\/wp\/v2\/posts"}],"about":[{"href":"https:\/\/www.mobiltesino.it\/de\/wp-json\/wp\/v2\/types\/post"}],"author":[{"embeddable":true,"href":"https:\/\/www.mobiltesino.it\/de\/wp-json\/wp\/v2\/users\/9"}],"replies":[{"embeddable":true,"href":"https:\/\/www.mobiltesino.it\/de\/wp-json\/wp\/v2\/comments?post=14995"}],"version-history":[{"count":1,"href":"https:\/\/www.mobiltesino.it\/de\/wp-json\/wp\/v2\/posts\/14995\/revisions"}],"predecessor-version":[{"id":14996,"href":"https:\/\/www.mobiltesino.it\/de\/wp-json\/wp\/v2\/posts\/14995\/revisions\/14996"}],"wp:featuredmedia":[{"embeddable":true,"href":"https:\/\/www.mobiltesino.it\/de\/wp-json\/wp\/v2\/media\/14946"}],"wp:attachment":[{"href":"https:\/\/www.mobiltesino.it\/de\/wp-json\/wp\/v2\/media?parent=14995"}],"wp:term":[{"taxonomy":"category","embeddable":true,"href":"https:\/\/www.mobiltesino.it\/de\/wp-json\/wp\/v2\/categories?post=14995"},{"taxonomy":"post_tag","embeddable":true,"href":"https:\/\/www.mobiltesino.it\/de\/wp-json\/wp\/v2\/tags?post=14995"},{"taxonomy":"tax_2861","embeddable":true,"href":"https:\/\/www.mobiltesino.it\/de\/wp-json\/wp\/v2\/tax_2861?post=14995"}],"curies":[{"name":"wp","href":"https:\/\/api.w.org\/{rel}","templated":true}]}}