{"id":4640,"date":"2020-11-10T13:00:38","date_gmt":"2020-11-10T12:00:38","guid":{"rendered":"https:\/\/www.mobiltesino.it\/i-materiali-migliori-per-il-tuo-arredo-bagno\/"},"modified":"2021-03-22T14:55:37","modified_gmt":"2021-03-22T13:55:37","slug":"die-besten-materialien-fur-ihre-badezimmereinrichtung","status":"publish","type":"post","link":"https:\/\/www.mobiltesino.it\/de\/die-besten-materialien-fur-ihre-badezimmereinrichtung\/","title":{"rendered":"Die besten Materialien f\u00fcr Ihre Badezimmereinrichtung"},"content":{"rendered":"\t\t<div data-elementor-type=\"wp-post\" data-elementor-id=\"4640\" class=\"elementor elementor-4640 elementor-3129\" data-elementor-post-type=\"post\">\n\t\t\t\t\t\t<header class=\"elementor-section elementor-top-section elementor-element elementor-element-7a82c7d4 elementor-section-content-middle elementor-section-full_width elementor-section-height-min-height elementor-section-height-default elementor-section-items-middle\" data-id=\"7a82c7d4\" data-element_type=\"section\" data-settings=\"{&quot;background_background&quot;:&quot;classic&quot;,&quot;sticky&quot;:&quot;top&quot;,&quot;sticky_on&quot;:[&quot;desktop&quot;,&quot;tablet&quot;,&quot;mobile&quot;],&quot;sticky_offset&quot;:0,&quot;sticky_effects_offset&quot;:0,&quot;sticky_anchor_link_offset&quot;:0}\">\n\t\t\t\t\t\t<div class=\"elementor-container elementor-column-gap-no\">\n\t\t\t\t\t<div class=\"elementor-column elementor-col-50 elementor-top-column elementor-element elementor-element-2f17a664\" data-id=\"2f17a664\" data-element_type=\"column\">\n\t\t\t<div class=\"elementor-widget-wrap elementor-element-populated\">\n\t\t\t\t\t\t<div class=\"elementor-element elementor-element-4e3fa195 elementor-widget elementor-widget-oew-logo\" data-id=\"4e3fa195\" data-element_type=\"widget\" data-widget_type=\"oew-logo.default\">\n\t\t\t\t<div class=\"elementor-widget-container\">\n\t\t\t\n\t\t<div class=\"custom-header-logo clr\">\n\n\t\t\t\n\n<div id=\"site-logo\" class=\"clr\" itemscope itemtype=\"https:\/\/schema.org\/Brand\" >\n\n\t\n\t<div id=\"site-logo-inner\" class=\"clr\">\n\n\t\t<a href=\"https:\/\/www.mobiltesino.it\/de\/\" class=\"custom-logo-link\" rel=\"home\"><img decoding=\"async\" width=\"350\" height=\"130\" src=\"https:\/\/www.mobiltesino.it\/wp-content\/uploads\/2021\/03\/cropped-logo-1.png\" class=\"custom-logo\" alt=\"Mobiltesino Atelier dal 1978\" srcset=\"https:\/\/www.mobiltesino.it\/wp-content\/uploads\/2021\/03\/cropped-logo-1.png 1x, https:\/\/www.mobiltesino.it\/wp-content\/uploads\/2021\/03\/logo.png 2x\" sizes=\"(max-width: 350px) 100vw, 350px\" \/><\/a>\n\t<\/div><!-- #site-logo-inner -->\n\n\t\n\t\n<\/div><!-- #site-logo -->\n\n\n\t\t<\/div>\n\n\t\t\t\t<\/div>\n\t\t\t\t<\/div>\n\t\t\t\t\t<\/div>\n\t\t<\/div>\n\t\t\t\t<div class=\"elementor-column elementor-col-50 elementor-top-column elementor-element elementor-element-720c84a2\" data-id=\"720c84a2\" data-element_type=\"column\">\n\t\t\t<div class=\"elementor-widget-wrap elementor-element-populated\">\n\t\t\t\t\t\t<div class=\"elementor-element elementor-element-10603dba elementor-nav-menu--stretch elementor-nav-menu__text-align-center elementor-widget__width-auto elementor-absolute elementor-nav-menu--toggle elementor-nav-menu--burger elementor-widget elementor-widget-nav-menu\" data-id=\"10603dba\" data-element_type=\"widget\" data-settings=\"{&quot;layout&quot;:&quot;dropdown&quot;,&quot;full_width&quot;:&quot;stretch&quot;,&quot;_position&quot;:&quot;absolute&quot;,&quot;submenu_icon&quot;:{&quot;value&quot;:&quot;&lt;i class=\\&quot;fas fa-caret-down\\&quot;&gt;&lt;\\\/i&gt;&quot;,&quot;library&quot;:&quot;fa-solid&quot;},&quot;toggle&quot;:&quot;burger&quot;}\" data-widget_type=\"nav-menu.default\">\n\t\t\t\t<div class=\"elementor-widget-container\">\n\t\t\t\t\t<div class=\"elementor-menu-toggle\" role=\"button\" tabindex=\"0\" aria-label=\"Menu Toggle\" aria-expanded=\"false\">\n\t\t\t<i aria-hidden=\"true\" role=\"presentation\" class=\"elementor-menu-toggle__icon--open eicon-menu-bar\"><\/i><i aria-hidden=\"true\" role=\"presentation\" class=\"elementor-menu-toggle__icon--close eicon-close\"><\/i>\t\t\t<span class=\"elementor-screen-only\">Men\u00fc<\/span>\n\t\t<\/div>\n\t\t\t\t\t<nav class=\"elementor-nav-menu--dropdown elementor-nav-menu__container\" aria-hidden=\"true\">\n\t\t\t\t<ul id=\"menu-2-10603dba\" class=\"elementor-nav-menu\"><li class=\"menu-item wpml-ls-slot-16 wpml-ls-item wpml-ls-item-de wpml-ls-current-language wpml-ls-menu-item wpml-ls-last-item menu-item-type-wpml_ls_menu_item menu-item-object-wpml_ls_menu_item menu-item-has-children menu-item-wpml-ls-16-de\"><a title=\"DEU\" href=\"https:\/\/www.mobiltesino.it\/de\/\" class=\"elementor-item\" tabindex=\"-1\"><span class=\"wpml-ls-native\" lang=\"de\">DEU<\/span><\/a>\n<ul class=\"sub-menu elementor-nav-menu--dropdown\">\n\t<li class=\"menu-item wpml-ls-slot-16 wpml-ls-item wpml-ls-item-it wpml-ls-menu-item wpml-ls-first-item menu-item-type-wpml_ls_menu_item menu-item-object-wpml_ls_menu_item menu-item-wpml-ls-16-it\"><a title=\"ITA\" href=\"https:\/\/www.mobiltesino.it\/\" class=\"elementor-sub-item\" tabindex=\"-1\"><span class=\"wpml-ls-native\" lang=\"it\">ITA<\/span><\/a><\/li>\n\t<li class=\"menu-item wpml-ls-slot-16 wpml-ls-item wpml-ls-item-en wpml-ls-menu-item menu-item-type-wpml_ls_menu_item menu-item-object-wpml_ls_menu_item menu-item-wpml-ls-16-en\"><a title=\"ENG\" href=\"https:\/\/www.mobiltesino.it\/en\/\" class=\"elementor-sub-item\" tabindex=\"-1\"><span class=\"wpml-ls-native\" lang=\"en\">ENG<\/span><\/a><\/li>\n<\/ul>\n<\/li>\n<li class=\"menu-item menu-item-type-post_type menu-item-object-page menu-item-home menu-item-4954\"><a href=\"https:\/\/www.mobiltesino.it\/de\/\" class=\"elementor-item\" tabindex=\"-1\">home<\/a><\/li>\n<li class=\"menu-item menu-item-type-post_type menu-item-object-page menu-item-4955\"><a href=\"https:\/\/www.mobiltesino.it\/de\/unternehmen\/\" class=\"elementor-item\" tabindex=\"-1\">Unternehmen<\/a><\/li>\n<li class=\"menu-item menu-item-type-post_type menu-item-object-page menu-item-4956\"><a href=\"https:\/\/www.mobiltesino.it\/de\/kollektionen\/\" class=\"elementor-item\" tabindex=\"-1\">Kollektionen<\/a><\/li>\n<li class=\"menu-item menu-item-type-post_type menu-item-object-page menu-item-4957\"><a href=\"https:\/\/www.mobiltesino.it\/de\/herunterladen\/\" class=\"elementor-item\" tabindex=\"-1\">Herunterladen<\/a><\/li>\n<li class=\"menu-item menu-item-type-post_type menu-item-object-page menu-item-4958\"><a href=\"https:\/\/www.mobiltesino.it\/de\/blognews\/\" class=\"elementor-item\" tabindex=\"-1\">Blog&amp;news<\/a><\/li>\n<li class=\"menu-item menu-item-type-post_type menu-item-object-page menu-item-4959\"><a href=\"https:\/\/www.mobiltesino.it\/de\/verkaufsnetz\/\" class=\"elementor-item\" tabindex=\"-1\">Verkaufsnetz<\/a><\/li>\n<li class=\"menu-item menu-item-type-post_type menu-item-object-page menu-item-4960\"><a href=\"https:\/\/www.mobiltesino.it\/de\/kontakte\/\" class=\"elementor-item\" tabindex=\"-1\">Kontakte<\/a><\/li>\n<\/ul>\t\t\t<\/nav>\n\t\t\t\t<\/div>\n\t\t\t\t<\/div>\n\t\t\t\t<div class=\"elementor-element elementor-element-291c939d elementor-widget__width-auto elementor-absolute elementor-hidden-phone elementor-widget elementor-widget-wpml-language-switcher\" data-id=\"291c939d\" data-element_type=\"widget\" data-settings=\"{&quot;_position&quot;:&quot;absolute&quot;}\" data-widget_type=\"wpml-language-switcher.default\">\n\t\t\t\t<div class=\"elementor-widget-container\">\n\t\t\t<div class=\"wpml-elementor-ls\">\n<div class=\"wpml-ls-statics-shortcode_actions wpml-ls wpml-ls-legacy-list-horizontal\">\n\t<ul><li class=\"wpml-ls-slot-shortcode_actions wpml-ls-item wpml-ls-item-it wpml-ls-first-item wpml-ls-item-legacy-list-horizontal\">\n\t\t\t\t<a href=\"https:\/\/www.mobiltesino.it\/\" class=\"wpml-ls-link\">\n                    <span class=\"wpml-ls-display\">ITA<\/span><\/a>\n\t\t\t<\/li><li class=\"wpml-ls-slot-shortcode_actions wpml-ls-item wpml-ls-item-en wpml-ls-item-legacy-list-horizontal\">\n\t\t\t\t<a href=\"https:\/\/www.mobiltesino.it\/en\/\" class=\"wpml-ls-link\">\n                    <span class=\"wpml-ls-display\">ENG<\/span><\/a>\n\t\t\t<\/li><li class=\"wpml-ls-slot-shortcode_actions wpml-ls-item wpml-ls-item-de wpml-ls-current-language wpml-ls-last-item wpml-ls-item-legacy-list-horizontal\">\n\t\t\t\t<a href=\"https:\/\/www.mobiltesino.it\/de\/\" class=\"wpml-ls-link\">\n                    <span class=\"wpml-ls-native\">DEU<\/span><\/a>\n\t\t\t<\/li><\/ul>\n<\/div>\n<\/div>\t\t<\/div>\n\t\t\t\t<\/div>\n\t\t\t\t\t<\/div>\n\t\t<\/div>\n\t\t\t\t\t<\/div>\n\t\t<\/header>\n\t\t\t\t<section class=\"elementor-section elementor-top-section elementor-element elementor-element-8091438 elementor-section-boxed elementor-section-height-default elementor-section-height-default\" data-id=\"8091438\" data-element_type=\"section\">\n\t\t\t\t\t\t<div class=\"elementor-container elementor-column-gap-default\">\n\t\t\t\t\t<div class=\"elementor-column elementor-col-100 elementor-top-column elementor-element elementor-element-18eda72\" data-id=\"18eda72\" data-element_type=\"column\">\n\t\t\t<div class=\"elementor-widget-wrap elementor-element-populated\">\n\t\t\t\t\t\t<div class=\"elementor-element elementor-element-93035af elementor--h-position-center elementor--v-position-middle elementor-pagination-position-inside elementor-widget elementor-widget-slides\" data-id=\"93035af\" data-element_type=\"widget\" data-settings=\"{&quot;navigation&quot;:&quot;dots&quot;,&quot;autoplay&quot;:&quot;yes&quot;,&quot;pause_on_hover&quot;:&quot;yes&quot;,&quot;pause_on_interaction&quot;:&quot;yes&quot;,&quot;autoplay_speed&quot;:5000,&quot;infinite&quot;:&quot;yes&quot;,&quot;transition&quot;:&quot;slide&quot;,&quot;transition_speed&quot;:500}\" data-widget_type=\"slides.default\">\n\t\t\t\t<div class=\"elementor-widget-container\">\n\t\t\t\t\t<div class=\"elementor-swiper\">\n\t\t\t<div class=\"elementor-slides-wrapper elementor-main-swiper swiper\" dir=\"ltr\" data-animation=\"fadeInUp\">\n\t\t\t\t<div class=\"swiper-wrapper elementor-slides\">\n\t\t\t\t\t\t\t\t\t\t<div class=\"elementor-repeater-item-a20f368 swiper-slide\"><div class=\"swiper-slide-bg\" role=\"img\"><\/div><div class=\"swiper-slide-inner\" ><div class=\"swiper-slide-contents\"><\/div><\/div><\/div><div class=\"elementor-repeater-item-6168b59 swiper-slide\"><div class=\"swiper-slide-bg\" role=\"img\"><\/div><div class=\"swiper-slide-inner\" ><div class=\"swiper-slide-contents\"><\/div><\/div><\/div><div class=\"elementor-repeater-item-eb17c95 swiper-slide\"><div class=\"swiper-slide-bg\" role=\"img\"><\/div><div class=\"swiper-slide-inner\" ><div class=\"swiper-slide-contents\"><\/div><\/div><\/div>\t\t\t\t<\/div>\n\t\t\t\t\t\t\t\t\t\t\t\t\t\t\t<div class=\"swiper-pagination\"><\/div>\n\t\t\t\t\t\t\t\t\t\t\t\t\t\t\t\t\t<\/div>\n\t\t<\/div>\n\t\t\t\t<\/div>\n\t\t\t\t<\/div>\n\t\t\t\t<div class=\"elementor-element elementor-element-d68964b elementor-view-default elementor-widget elementor-widget-icon\" data-id=\"d68964b\" data-element_type=\"widget\" data-widget_type=\"icon.default\">\n\t\t\t\t<div class=\"elementor-widget-container\">\n\t\t\t\t\t<div class=\"elementor-icon-wrapper\">\n\t\t\t<a class=\"elementor-icon\" href=\"https:\/\/www.mobiltesino.it\/blognews\/\">\n\t\t\t<i aria-hidden=\"true\" class=\"fas fa-arrow-left\"><\/i>\t\t\t<\/a>\n\t\t<\/div>\n\t\t\t\t<\/div>\n\t\t\t\t<\/div>\n\t\t\t\t\t<\/div>\n\t\t<\/div>\n\t\t\t\t\t<\/div>\n\t\t<\/section>\n\t\t\t\t<section class=\"elementor-section elementor-top-section elementor-element elementor-element-d58c791 elementor-section-boxed elementor-section-height-default elementor-section-height-default\" data-id=\"d58c791\" data-element_type=\"section\">\n\t\t\t\t\t\t<div class=\"elementor-container elementor-column-gap-default\">\n\t\t\t\t\t<div class=\"elementor-column elementor-col-100 elementor-top-column elementor-element elementor-element-cce1684\" data-id=\"cce1684\" data-element_type=\"column\">\n\t\t\t<div class=\"elementor-widget-wrap elementor-element-populated\">\n\t\t\t\t\t\t<div class=\"elementor-element elementor-element-edc17b7 elementor-widget elementor-widget-text-editor\" data-id=\"edc17b7\" data-element_type=\"widget\" data-widget_type=\"text-editor.default\">\n\t\t\t\t<div class=\"elementor-widget-container\">\n\t\t\t\t\t\t\t<p>PUm den f\u00fcnf Kollektionen, die Teil des neuen Katalogs Sensi sind, Gestalt zu verleihen, haben wir unsere ganze Kreativit\u00e4t und Forschung aufgeboten. Die erste konzentriert sich auf das Design und die Konzeption der Badezimmerm\u00f6bel, die zweite steht f\u00fcr eine betont materialbezogene Auseinandersetzung. <br \/><br \/>Apropos Materialien: Unsere Kunden haben uns oft gefragt, welches die besten Materialien f\u00fcr die Badezimmereinrichtung sind. Dies ist nicht so einfach zu beantworten, da die zu ber\u00fccksichtigenden Faktoren vielf\u00e4ltig sind und stark von den eigenen Bed\u00fcrfnissen abh\u00e4ngen, die man hat. <br \/><br \/>Unser Unternehmen stellt M\u00f6bel aus verschiedensten Materialien und f\u00fcr die unterschiedlichsten Bed\u00fcrfnisse her, aber es gibt einige, die wir besonders gerne f\u00fcr die Gestaltung und Charakterisierung unserer Kollektionen verwenden. <br \/><br \/>Das erste kann nur Holz sein. Es ist eines der edelsten Materialien, das man w\u00e4hlen kann. Seine Sch\u00f6nheit r\u00fchrt von der Tatsache her, dass es sich um ein nat\u00fcrliches Material handelt, das besonders empfindlich auf W\u00e4rme und Feuchtigkeit reagiert. Aus diesem Grund ist jede Farbver\u00e4nderung im Laufe der Zeit auch niemals ein Defekt, sondern immer eine Best\u00e4tigung seiner Qualit\u00e4t und Authentizit\u00e4t. Genauso wie die Aststellen, kleinen L\u00f6cher und Unvollkommenheiten auf der Oberfl\u00e4che. Holz ist das unangefochtene Schwerpunktprodukt vieler unserer Kollektionen. Im Katalog Sensi wird es besonders durch die von Incanto geschaffenen Formen und Atmosph\u00e4ren zur Geltung gebracht. In dieser Kollektion steht das Escheholz mit seinen unverkennbaren und sch\u00f6nen Maserungen und in seinen verschiedenen Farbvarianten, sowohl eingef\u00e4rbt als auch lackiert, im Mittelpunkt. <br \/><br \/>Ein weiteres Material, das von der Publikumswelt zunehmend wegen seiner \u00c4sthetik und Zweckm\u00e4\u00dfigkeit gesch\u00e4tzt wird, ist das Gres-Steinzeug. Es handelt sich um ein widerstandsf\u00e4higes, langlebiges und umweltfreundliches Material, das sich an unterschiedlichste Umgebungen problemlos anpassen l\u00e4sst und das es vermag, eine warme, einladende Atmosph\u00e4re zu erzeugen und gleichzeitig ein raffiniertes, erlesenes Ambiente schafft. Wir wollten diesen Werkstoff vollst\u00e4ndig der Kollektion Frame widmen, in welcher es in acht verschiedenen Ausf\u00fchrungen erh\u00e4ltlich ist, die die Tops \u2013 auch mit integriertem Waschbecken verf\u00fcgbar- auszeichnen, und der Kollektion einen ausgefallenen und designorientierten Stil verleiht. <br \/><br \/>In diesem Zusammenhang d\u00fcrfen wir selbstverst\u00e4ndlich auch die lackierten Oberfl\u00e4chen nicht unerw\u00e4hnt lassen. \u00c4u\u00dferst widerstandsf\u00e4hig, \u00fcberziehen sie jede Oberfl\u00e4che und erzielen so eine Vielzahl von Effekten und bieten umfangreiche M\u00f6glichkeiten zur individuellen Gestaltung der Badezimmereinrichtung. <br \/><br \/>F\u00fcr Sensi haben wir sie sowohl in gl\u00e4nzender als auch in matter Ausf\u00fchrung verwendet, und sie sind ebenso in unseren Kollektionen <strong>Incanto<\/strong>, <strong>Estra<\/strong> und <strong>Cromo<\/strong> vertreten.<br \/><br \/>All diese Materialien finden Sie auf den Seiten von Sensi:<em><a href=\"http:\/\/web.dea-system.it\/resource\/00f5e6698ae7befd72c2552d9a89fd12\">\u00a0bl\u00e4ttern Sie im Katalog!<\/a><\/em><\/p>\n<p>\u00a0<\/p>\t\t\t\t\t\t<\/div>\n\t\t\t\t<\/div>\n\t\t\t\t\t<\/div>\n\t\t<\/div>\n\t\t\t\t\t<\/div>\n\t\t<\/section>\n\t\t\t\t<section class=\"elementor-section elementor-top-section elementor-element elementor-element-a62b533 elementor-section-full_width elementor-section-height-min-height elementor-section-height-default elementor-section-items-middle\" data-id=\"a62b533\" data-element_type=\"section\" data-settings=\"{&quot;background_background&quot;:&quot;classic&quot;}\">\n\t\t\t\t\t\t<div class=\"elementor-container elementor-column-gap-default\">\n\t\t\t\t\t<div class=\"elementor-column elementor-col-100 elementor-top-column elementor-element elementor-element-f71729b\" data-id=\"f71729b\" data-element_type=\"column\">\n\t\t\t<div class=\"elementor-widget-wrap elementor-element-populated\">\n\t\t\t\t\t\t<section class=\"elementor-section elementor-inner-section elementor-element elementor-element-bbbf4fd elementor-section-boxed elementor-section-height-default elementor-section-height-default\" data-id=\"bbbf4fd\" data-element_type=\"section\">\n\t\t\t\t\t\t<div class=\"elementor-container elementor-column-gap-default\">\n\t\t\t\t\t<div class=\"elementor-column elementor-col-100 elementor-inner-column elementor-element elementor-element-ff9fa76\" data-id=\"ff9fa76\" data-element_type=\"column\">\n\t\t\t<div class=\"elementor-widget-wrap elementor-element-populated\">\n\t\t\t\t\t\t<section class=\"elementor-section elementor-inner-section elementor-element elementor-element-a49d63c elementor-section-full_width elementor-section-height-default elementor-section-height-default\" data-id=\"a49d63c\" data-element_type=\"section\">\n\t\t\t\t\t\t<div class=\"elementor-container elementor-column-gap-narrow\">\n\t\t\t\t\t<div class=\"elementor-column elementor-col-50 elementor-inner-column elementor-element elementor-element-1908c88\" data-id=\"1908c88\" data-element_type=\"column\">\n\t\t\t<div class=\"elementor-widget-wrap elementor-element-populated\">\n\t\t\t\t\t\t<div class=\"elementor-element elementor-element-a0a2063 elementor-widget elementor-widget-text-editor\" data-id=\"a0a2063\" data-element_type=\"widget\" data-widget_type=\"text-editor.default\">\n\t\t\t\t<div class=\"elementor-widget-container\">\n\t\t\t\t\t\t\t<p>Mobiltesino Srl<br \/>P.Iva e C.F. 00354690448 &#8211; Reg. Imprese Ascoli Piceno n.00354690448 | C.C.I.A.A. AP n.83359 &#8211; M &#8211; 061699 Cap.Soc. \u20ac78000 Int. Vers.<\/p>\t\t\t\t\t\t<\/div>\n\t\t\t\t<\/div>\n\t\t\t\t<div class=\"elementor-element elementor-element-84b4507 elementor-absolute elementor-widget elementor-widget-image\" data-id=\"84b4507\" data-element_type=\"widget\" data-settings=\"{&quot;_position&quot;:&quot;absolute&quot;}\" data-widget_type=\"image.default\">\n\t\t\t\t<div class=\"elementor-widget-container\">\n\t\t\t\t\t\t\t\t\t\t\t\t\t\t<a href=\"https:\/\/www.facebook.com\/mobiltesino\/\">\n\t\t\t\t\t\t\t<img decoding=\"async\" width=\"1\" height=\"1\" src=\"https:\/\/www.mobiltesino.it\/wp-content\/uploads\/2019\/11\/facebook-logo.svg\" class=\"attachment-thumbnail size-thumbnail wp-image-415\" alt=\"\" \/>\t\t\t\t\t\t\t\t<\/a>\n\t\t\t\t\t\t\t\t\t\t\t\t\t<\/div>\n\t\t\t\t<\/div>\n\t\t\t\t\t<\/div>\n\t\t<\/div>\n\t\t\t\t<div class=\"elementor-column elementor-col-25 elementor-inner-column elementor-element elementor-element-987ca57\" data-id=\"987ca57\" data-element_type=\"column\">\n\t\t\t<div class=\"elementor-widget-wrap elementor-element-populated\">\n\t\t\t\t\t\t<div class=\"elementor-element elementor-element-6f8e9ce elementor-absolute elementor-widget elementor-widget-image\" data-id=\"6f8e9ce\" data-element_type=\"widget\" data-settings=\"{&quot;_position&quot;:&quot;absolute&quot;}\" data-widget_type=\"image.default\">\n\t\t\t\t<div class=\"elementor-widget-container\">\n\t\t\t\t\t\t\t\t\t\t\t\t\t\t<a href=\"https:\/\/www.youtube.com\/user\/Mobiltesinosrl\">\n\t\t\t\t\t\t\t<img decoding=\"async\" width=\"1\" height=\"1\" src=\"https:\/\/www.mobiltesino.it\/wp-content\/uploads\/2019\/12\/Youtube_icon-icons.com_66802-1.svg\" class=\"attachment-thumbnail size-thumbnail wp-image-500\" alt=\"\" \/>\t\t\t\t\t\t\t\t<\/a>\n\t\t\t\t\t\t\t\t\t\t\t\t\t<\/div>\n\t\t\t\t<\/div>\n\t\t\t\t\t<\/div>\n\t\t<\/div>\n\t\t\t\t<div class=\"elementor-column elementor-col-25 elementor-inner-column elementor-element elementor-element-cee2887\" data-id=\"cee2887\" data-element_type=\"column\">\n\t\t\t<div class=\"elementor-widget-wrap elementor-element-populated\">\n\t\t\t\t\t\t<div class=\"elementor-element elementor-element-dc75bcf elementor-widget elementor-widget-image\" data-id=\"dc75bcf\" data-element_type=\"widget\" data-widget_type=\"image.default\">\n\t\t\t\t<div class=\"elementor-widget-container\">\n\t\t\t\t\t\t\t\t\t\t\t\t\t\t<a href=\"https:\/\/www.instagram.com\/mobiltesino\/\">\n\t\t\t\t\t\t\t<img loading=\"lazy\" decoding=\"async\" width=\"1\" height=\"1\" src=\"https:\/\/www.mobiltesino.it\/wp-content\/uploads\/2019\/11\/instagram-logo.svg\" class=\"attachment-thumbnail size-thumbnail wp-image-308\" alt=\"\" \/>\t\t\t\t\t\t\t\t<\/a>\n\t\t\t\t\t\t\t\t\t\t\t\t\t<\/div>\n\t\t\t\t<\/div>\n\t\t\t\t\t<\/div>\n\t\t<\/div>\n\t\t\t\t\t<\/div>\n\t\t<\/section>\n\t\t\t\t\t<\/div>\n\t\t<\/div>\n\t\t\t\t\t<\/div>\n\t\t<\/section>\n\t\t\t\t\t<\/div>\n\t\t<\/div>\n\t\t\t\t\t<\/div>\n\t\t<\/section>\n\t\t\t\t<\/div>\n\t\t","protected":false},"excerpt":{"rendered":"<p>PUm den f\u00fcnf Kollektionen, die Teil des neuen Katalogs Sensi sind, Gestalt zu verleihen, haben wir unsere ganze Kreativit\u00e4t und Forschung aufgeboten. Die erste konzentriert sich auf das Design und die Konzeption der Badezimmerm\u00f6bel, die zweite steht f\u00fcr eine betont materialbezogene Auseinandersetzung.<\/p>\n","protected":false},"author":9,"featured_media":3133,"comment_status":"open","ping_status":"open","sticky":false,"template":"elementor_canvas","format":"standard","meta":{"_acf_changed":false,"ocean_post_layout":"","ocean_both_sidebars_style":"","ocean_both_sidebars_content_width":0,"ocean_both_sidebars_sidebars_width":0,"ocean_sidebar":"0","ocean_second_sidebar":"0","ocean_disable_margins":"enable","ocean_add_body_class":"","ocean_shortcode_before_top_bar":"","ocean_shortcode_after_top_bar":"","ocean_shortcode_before_header":"","ocean_shortcode_after_header":"","ocean_has_shortcode":"","ocean_shortcode_after_title":"","ocean_shortcode_before_footer_widgets":"","ocean_shortcode_after_footer_widgets":"","ocean_shortcode_before_footer_bottom":"","ocean_shortcode_after_footer_bottom":"","ocean_display_top_bar":"default","ocean_display_header":"default","ocean_header_style":"","ocean_center_header_left_menu":"0","ocean_custom_header_template":"0","ocean_custom_logo":0,"ocean_custom_retina_logo":0,"ocean_custom_logo_max_width":0,"ocean_custom_logo_tablet_max_width":0,"ocean_custom_logo_mobile_max_width":0,"ocean_custom_logo_max_height":0,"ocean_custom_logo_tablet_max_height":0,"ocean_custom_logo_mobile_max_height":0,"ocean_header_custom_menu":"0","ocean_menu_typo_font_family":"0","ocean_menu_typo_font_subset":"","ocean_menu_typo_font_size":0,"ocean_menu_typo_font_size_tablet":0,"ocean_menu_typo_font_size_mobile":0,"ocean_menu_typo_font_size_unit":"px","ocean_menu_typo_font_weight":"","ocean_menu_typo_font_weight_tablet":"","ocean_menu_typo_font_weight_mobile":"","ocean_menu_typo_transform":"","ocean_menu_typo_transform_tablet":"","ocean_menu_typo_transform_mobile":"","ocean_menu_typo_line_height":0,"ocean_menu_typo_line_height_tablet":0,"ocean_menu_typo_line_height_mobile":0,"ocean_menu_typo_line_height_unit":"","ocean_menu_typo_spacing":0,"ocean_menu_typo_spacing_tablet":0,"ocean_menu_typo_spacing_mobile":0,"ocean_menu_typo_spacing_unit":"","ocean_menu_link_color":"","ocean_menu_link_color_hover":"","ocean_menu_link_color_active":"","ocean_menu_link_background":"","ocean_menu_link_hover_background":"","ocean_menu_link_active_background":"","ocean_menu_social_links_bg":"","ocean_menu_social_hover_links_bg":"","ocean_menu_social_links_color":"","ocean_menu_social_hover_links_color":"","ocean_disable_title":"default","ocean_disable_heading":"default","ocean_post_title":"","ocean_post_subheading":"","ocean_post_title_style":"","ocean_post_title_background_color":"","ocean_post_title_background":0,"ocean_post_title_bg_image_position":"","ocean_post_title_bg_image_attachment":"","ocean_post_title_bg_image_repeat":"","ocean_post_title_bg_image_size":"","ocean_post_title_height":0,"ocean_post_title_bg_overlay":0.5,"ocean_post_title_bg_overlay_color":"","ocean_disable_breadcrumbs":"default","ocean_breadcrumbs_color":"","ocean_breadcrumbs_separator_color":"","ocean_breadcrumbs_links_color":"","ocean_breadcrumbs_links_hover_color":"","ocean_display_footer_widgets":"default","ocean_display_footer_bottom":"default","ocean_custom_footer_template":"0","ocean_post_oembed":"","ocean_post_self_hosted_media":"","ocean_post_video_embed":"","ocean_link_format":"","ocean_link_format_target":"self","ocean_quote_format":"","ocean_quote_format_link":"post","ocean_gallery_link_images":"off","ocean_gallery_id":[],"footnotes":""},"categories":[44],"tags":[],"tax_2861":[],"class_list":["post-4640","post","type-post","status-publish","format-standard","has-post-thumbnail","hentry","category-news-home-de","entry","has-media"],"acf":[],"yoast_head":"<!-- This site is optimized with the Yoast SEO plugin v23.8 - https:\/\/yoast.com\/wordpress\/plugins\/seo\/ -->\n<title>Die besten Materialien f\u00fcr Ihre Badezimmereinrichtung - Mobiltesino Atelier dal 1978<\/title>\n<meta name=\"description\" content=\"Per dare vita alle cinque collezioni che fanno parte del nuovo catalogo Sensi abbiamo messo in campo tutta la nostra creativit\u00e0 e ricerca.\" \/>\n<meta name=\"robots\" content=\"index, follow, max-snippet:-1, max-image-preview:large, max-video-preview:-1\" \/>\n<link rel=\"canonical\" href=\"https:\/\/www.mobiltesino.it\/de\/die-besten-materialien-fur-ihre-badezimmereinrichtung\/\" \/>\n<meta property=\"og:locale\" content=\"de_DE\" \/>\n<meta property=\"og:type\" content=\"article\" \/>\n<meta property=\"og:title\" content=\"Die besten Materialien f\u00fcr Ihre Badezimmereinrichtung - Mobiltesino Atelier dal 1978\" \/>\n<meta property=\"og:description\" content=\"Per dare vita alle cinque collezioni che fanno parte del nuovo catalogo Sensi abbiamo messo in campo tutta la nostra creativit\u00e0 e ricerca.\" \/>\n<meta property=\"og:url\" content=\"https:\/\/www.mobiltesino.it\/de\/die-besten-materialien-fur-ihre-badezimmereinrichtung\/\" \/>\n<meta property=\"og:site_name\" content=\"Mobiltesino Atelier dal 1978\" \/>\n<meta property=\"article:published_time\" content=\"2020-11-10T12:00:38+00:00\" \/>\n<meta property=\"article:modified_time\" content=\"2021-03-22T13:55:37+00:00\" \/>\n<meta property=\"og:image\" content=\"https:\/\/www.mobiltesino.it\/wp-content\/uploads\/2020\/11\/NC_02AA.jpg\" \/>\n\t<meta property=\"og:image:width\" content=\"1920\" \/>\n\t<meta property=\"og:image:height\" content=\"1080\" \/>\n\t<meta property=\"og:image:type\" content=\"image\/jpeg\" \/>\n<meta name=\"author\" content=\"mbil-tsn-adm\" \/>\n<meta name=\"twitter:card\" content=\"summary_large_image\" \/>\n<meta name=\"twitter:label1\" content=\"Verfasst von\" \/>\n\t<meta name=\"twitter:data1\" content=\"mbil-tsn-adm\" \/>\n\t<meta name=\"twitter:label2\" content=\"Gesch\u00e4tzte Lesezeit\" \/>\n\t<meta name=\"twitter:data2\" content=\"2 Minuten\" \/>\n<script type=\"application\/ld+json\" class=\"yoast-schema-graph\">{\"@context\":\"https:\/\/schema.org\",\"@graph\":[{\"@type\":\"Article\",\"@id\":\"https:\/\/www.mobiltesino.it\/de\/die-besten-materialien-fur-ihre-badezimmereinrichtung\/#article\",\"isPartOf\":{\"@id\":\"https:\/\/www.mobiltesino.it\/de\/die-besten-materialien-fur-ihre-badezimmereinrichtung\/\"},\"author\":{\"name\":\"mbil-tsn-adm\",\"@id\":\"https:\/\/www.mobiltesino.it\/#\/schema\/person\/77d2631ee89690ab2dad9dc0e6db4d12\"},\"headline\":\"Die besten Materialien f\u00fcr Ihre Badezimmereinrichtung\",\"datePublished\":\"2020-11-10T12:00:38+00:00\",\"dateModified\":\"2021-03-22T13:55:37+00:00\",\"mainEntityOfPage\":{\"@id\":\"https:\/\/www.mobiltesino.it\/de\/die-besten-materialien-fur-ihre-badezimmereinrichtung\/\"},\"wordCount\":480,\"commentCount\":0,\"publisher\":{\"@id\":\"https:\/\/www.mobiltesino.it\/#organization\"},\"image\":{\"@id\":\"https:\/\/www.mobiltesino.it\/de\/die-besten-materialien-fur-ihre-badezimmereinrichtung\/#primaryimage\"},\"thumbnailUrl\":\"https:\/\/www.mobiltesino.it\/wp-content\/uploads\/2020\/11\/NC_02AA.jpg\",\"articleSection\":[\"News-Home\"],\"inLanguage\":\"de\",\"potentialAction\":[{\"@type\":\"CommentAction\",\"name\":\"Comment\",\"target\":[\"https:\/\/www.mobiltesino.it\/de\/die-besten-materialien-fur-ihre-badezimmereinrichtung\/#respond\"]}]},{\"@type\":\"WebPage\",\"@id\":\"https:\/\/www.mobiltesino.it\/de\/die-besten-materialien-fur-ihre-badezimmereinrichtung\/\",\"url\":\"https:\/\/www.mobiltesino.it\/de\/die-besten-materialien-fur-ihre-badezimmereinrichtung\/\",\"name\":\"Die besten Materialien f\u00fcr Ihre Badezimmereinrichtung - Mobiltesino Atelier dal 1978\",\"isPartOf\":{\"@id\":\"https:\/\/www.mobiltesino.it\/#website\"},\"primaryImageOfPage\":{\"@id\":\"https:\/\/www.mobiltesino.it\/de\/die-besten-materialien-fur-ihre-badezimmereinrichtung\/#primaryimage\"},\"image\":{\"@id\":\"https:\/\/www.mobiltesino.it\/de\/die-besten-materialien-fur-ihre-badezimmereinrichtung\/#primaryimage\"},\"thumbnailUrl\":\"https:\/\/www.mobiltesino.it\/wp-content\/uploads\/2020\/11\/NC_02AA.jpg\",\"datePublished\":\"2020-11-10T12:00:38+00:00\",\"dateModified\":\"2021-03-22T13:55:37+00:00\",\"description\":\"Per dare vita alle cinque collezioni che fanno parte del nuovo catalogo Sensi abbiamo messo in campo tutta la nostra creativit\u00e0 e ricerca.\",\"breadcrumb\":{\"@id\":\"https:\/\/www.mobiltesino.it\/de\/die-besten-materialien-fur-ihre-badezimmereinrichtung\/#breadcrumb\"},\"inLanguage\":\"de\",\"potentialAction\":[{\"@type\":\"ReadAction\",\"target\":[\"https:\/\/www.mobiltesino.it\/de\/die-besten-materialien-fur-ihre-badezimmereinrichtung\/\"]}]},{\"@type\":\"ImageObject\",\"inLanguage\":\"de\",\"@id\":\"https:\/\/www.mobiltesino.it\/de\/die-besten-materialien-fur-ihre-badezimmereinrichtung\/#primaryimage\",\"url\":\"https:\/\/www.mobiltesino.it\/wp-content\/uploads\/2020\/11\/NC_02AA.jpg\",\"contentUrl\":\"https:\/\/www.mobiltesino.it\/wp-content\/uploads\/2020\/11\/NC_02AA.jpg\",\"width\":1920,\"height\":1080,\"caption\":\"mobile bagno collezione Incanto Mobiltesino\"},{\"@type\":\"BreadcrumbList\",\"@id\":\"https:\/\/www.mobiltesino.it\/de\/die-besten-materialien-fur-ihre-badezimmereinrichtung\/#breadcrumb\",\"itemListElement\":[{\"@type\":\"ListItem\",\"position\":1,\"name\":\"Home\",\"item\":\"https:\/\/www.mobiltesino.it\/de\/\"},{\"@type\":\"ListItem\",\"position\":2,\"name\":\"Die besten Materialien f\u00fcr Ihre Badezimmereinrichtung\"}]},{\"@type\":\"WebSite\",\"@id\":\"https:\/\/www.mobiltesino.it\/#website\",\"url\":\"https:\/\/www.mobiltesino.it\/\",\"name\":\"Mobiltesino Atelier dal 1978\",\"description\":\"Mobiltesino Atelier dal 1978\",\"publisher\":{\"@id\":\"https:\/\/www.mobiltesino.it\/#organization\"},\"potentialAction\":[{\"@type\":\"SearchAction\",\"target\":{\"@type\":\"EntryPoint\",\"urlTemplate\":\"https:\/\/www.mobiltesino.it\/?s={search_term_string}\"},\"query-input\":{\"@type\":\"PropertyValueSpecification\",\"valueRequired\":true,\"valueName\":\"search_term_string\"}}],\"inLanguage\":\"de\"},{\"@type\":\"Organization\",\"@id\":\"https:\/\/www.mobiltesino.it\/#organization\",\"name\":\"Mobiltesino Atelier dal 1978\",\"url\":\"https:\/\/www.mobiltesino.it\/\",\"logo\":{\"@type\":\"ImageObject\",\"inLanguage\":\"de\",\"@id\":\"https:\/\/www.mobiltesino.it\/#\/schema\/logo\/image\/\",\"url\":\"https:\/\/www.mobiltesino.it\/wp-content\/uploads\/2021\/03\/cropped-logo-1.png\",\"contentUrl\":\"https:\/\/www.mobiltesino.it\/wp-content\/uploads\/2021\/03\/cropped-logo-1.png\",\"width\":350,\"height\":130,\"caption\":\"Mobiltesino Atelier dal 1978\"},\"image\":{\"@id\":\"https:\/\/www.mobiltesino.it\/#\/schema\/logo\/image\/\"}},{\"@type\":\"Person\",\"@id\":\"https:\/\/www.mobiltesino.it\/#\/schema\/person\/77d2631ee89690ab2dad9dc0e6db4d12\",\"name\":\"mbil-tsn-adm\",\"image\":{\"@type\":\"ImageObject\",\"inLanguage\":\"de\",\"@id\":\"https:\/\/www.mobiltesino.it\/#\/schema\/person\/image\/\",\"url\":\"https:\/\/secure.gravatar.com\/avatar\/d4df44a502510dc8fe5b0be415308b35?s=96&d=mm&r=g\",\"contentUrl\":\"https:\/\/secure.gravatar.com\/avatar\/d4df44a502510dc8fe5b0be415308b35?s=96&d=mm&r=g\",\"caption\":\"mbil-tsn-adm\"},\"url\":\"https:\/\/www.mobiltesino.it\/de\/author\/mbil-tsn-adm\/\"}]}<\/script>\n<!-- \/ Yoast SEO plugin. -->","yoast_head_json":{"title":"Die besten Materialien f\u00fcr Ihre Badezimmereinrichtung - Mobiltesino Atelier dal 1978","description":"Per dare vita alle cinque collezioni che fanno parte del nuovo catalogo Sensi abbiamo messo in campo tutta la nostra creativit\u00e0 e ricerca.","robots":{"index":"index","follow":"follow","max-snippet":"max-snippet:-1","max-image-preview":"max-image-preview:large","max-video-preview":"max-video-preview:-1"},"canonical":"https:\/\/www.mobiltesino.it\/de\/die-besten-materialien-fur-ihre-badezimmereinrichtung\/","og_locale":"de_DE","og_type":"article","og_title":"Die besten Materialien f\u00fcr Ihre Badezimmereinrichtung - Mobiltesino Atelier dal 1978","og_description":"Per dare vita alle cinque collezioni che fanno parte del nuovo catalogo Sensi abbiamo messo in campo tutta la nostra creativit\u00e0 e ricerca.","og_url":"https:\/\/www.mobiltesino.it\/de\/die-besten-materialien-fur-ihre-badezimmereinrichtung\/","og_site_name":"Mobiltesino Atelier dal 1978","article_published_time":"2020-11-10T12:00:38+00:00","article_modified_time":"2021-03-22T13:55:37+00:00","og_image":[{"width":1920,"height":1080,"url":"https:\/\/www.mobiltesino.it\/wp-content\/uploads\/2020\/11\/NC_02AA.jpg","type":"image\/jpeg"}],"author":"mbil-tsn-adm","twitter_card":"summary_large_image","twitter_misc":{"Verfasst von":"mbil-tsn-adm","Gesch\u00e4tzte Lesezeit":"2 Minuten"},"schema":{"@context":"https:\/\/schema.org","@graph":[{"@type":"Article","@id":"https:\/\/www.mobiltesino.it\/de\/die-besten-materialien-fur-ihre-badezimmereinrichtung\/#article","isPartOf":{"@id":"https:\/\/www.mobiltesino.it\/de\/die-besten-materialien-fur-ihre-badezimmereinrichtung\/"},"author":{"name":"mbil-tsn-adm","@id":"https:\/\/www.mobiltesino.it\/#\/schema\/person\/77d2631ee89690ab2dad9dc0e6db4d12"},"headline":"Die besten Materialien f\u00fcr Ihre Badezimmereinrichtung","datePublished":"2020-11-10T12:00:38+00:00","dateModified":"2021-03-22T13:55:37+00:00","mainEntityOfPage":{"@id":"https:\/\/www.mobiltesino.it\/de\/die-besten-materialien-fur-ihre-badezimmereinrichtung\/"},"wordCount":480,"commentCount":0,"publisher":{"@id":"https:\/\/www.mobiltesino.it\/#organization"},"image":{"@id":"https:\/\/www.mobiltesino.it\/de\/die-besten-materialien-fur-ihre-badezimmereinrichtung\/#primaryimage"},"thumbnailUrl":"https:\/\/www.mobiltesino.it\/wp-content\/uploads\/2020\/11\/NC_02AA.jpg","articleSection":["News-Home"],"inLanguage":"de","potentialAction":[{"@type":"CommentAction","name":"Comment","target":["https:\/\/www.mobiltesino.it\/de\/die-besten-materialien-fur-ihre-badezimmereinrichtung\/#respond"]}]},{"@type":"WebPage","@id":"https:\/\/www.mobiltesino.it\/de\/die-besten-materialien-fur-ihre-badezimmereinrichtung\/","url":"https:\/\/www.mobiltesino.it\/de\/die-besten-materialien-fur-ihre-badezimmereinrichtung\/","name":"Die besten Materialien f\u00fcr Ihre Badezimmereinrichtung - Mobiltesino Atelier dal 1978","isPartOf":{"@id":"https:\/\/www.mobiltesino.it\/#website"},"primaryImageOfPage":{"@id":"https:\/\/www.mobiltesino.it\/de\/die-besten-materialien-fur-ihre-badezimmereinrichtung\/#primaryimage"},"image":{"@id":"https:\/\/www.mobiltesino.it\/de\/die-besten-materialien-fur-ihre-badezimmereinrichtung\/#primaryimage"},"thumbnailUrl":"https:\/\/www.mobiltesino.it\/wp-content\/uploads\/2020\/11\/NC_02AA.jpg","datePublished":"2020-11-10T12:00:38+00:00","dateModified":"2021-03-22T13:55:37+00:00","description":"Per dare vita alle cinque collezioni che fanno parte del nuovo catalogo Sensi abbiamo messo in campo tutta la nostra creativit\u00e0 e ricerca.","breadcrumb":{"@id":"https:\/\/www.mobiltesino.it\/de\/die-besten-materialien-fur-ihre-badezimmereinrichtung\/#breadcrumb"},"inLanguage":"de","potentialAction":[{"@type":"ReadAction","target":["https:\/\/www.mobiltesino.it\/de\/die-besten-materialien-fur-ihre-badezimmereinrichtung\/"]}]},{"@type":"ImageObject","inLanguage":"de","@id":"https:\/\/www.mobiltesino.it\/de\/die-besten-materialien-fur-ihre-badezimmereinrichtung\/#primaryimage","url":"https:\/\/www.mobiltesino.it\/wp-content\/uploads\/2020\/11\/NC_02AA.jpg","contentUrl":"https:\/\/www.mobiltesino.it\/wp-content\/uploads\/2020\/11\/NC_02AA.jpg","width":1920,"height":1080,"caption":"mobile bagno collezione Incanto Mobiltesino"},{"@type":"BreadcrumbList","@id":"https:\/\/www.mobiltesino.it\/de\/die-besten-materialien-fur-ihre-badezimmereinrichtung\/#breadcrumb","itemListElement":[{"@type":"ListItem","position":1,"name":"Home","item":"https:\/\/www.mobiltesino.it\/de\/"},{"@type":"ListItem","position":2,"name":"Die besten Materialien f\u00fcr Ihre Badezimmereinrichtung"}]},{"@type":"WebSite","@id":"https:\/\/www.mobiltesino.it\/#website","url":"https:\/\/www.mobiltesino.it\/","name":"Mobiltesino Atelier dal 1978","description":"Mobiltesino Atelier dal 1978","publisher":{"@id":"https:\/\/www.mobiltesino.it\/#organization"},"potentialAction":[{"@type":"SearchAction","target":{"@type":"EntryPoint","urlTemplate":"https:\/\/www.mobiltesino.it\/?s={search_term_string}"},"query-input":{"@type":"PropertyValueSpecification","valueRequired":true,"valueName":"search_term_string"}}],"inLanguage":"de"},{"@type":"Organization","@id":"https:\/\/www.mobiltesino.it\/#organization","name":"Mobiltesino Atelier dal 1978","url":"https:\/\/www.mobiltesino.it\/","logo":{"@type":"ImageObject","inLanguage":"de","@id":"https:\/\/www.mobiltesino.it\/#\/schema\/logo\/image\/","url":"https:\/\/www.mobiltesino.it\/wp-content\/uploads\/2021\/03\/cropped-logo-1.png","contentUrl":"https:\/\/www.mobiltesino.it\/wp-content\/uploads\/2021\/03\/cropped-logo-1.png","width":350,"height":130,"caption":"Mobiltesino Atelier dal 1978"},"image":{"@id":"https:\/\/www.mobiltesino.it\/#\/schema\/logo\/image\/"}},{"@type":"Person","@id":"https:\/\/www.mobiltesino.it\/#\/schema\/person\/77d2631ee89690ab2dad9dc0e6db4d12","name":"mbil-tsn-adm","image":{"@type":"ImageObject","inLanguage":"de","@id":"https:\/\/www.mobiltesino.it\/#\/schema\/person\/image\/","url":"https:\/\/secure.gravatar.com\/avatar\/d4df44a502510dc8fe5b0be415308b35?s=96&d=mm&r=g","contentUrl":"https:\/\/secure.gravatar.com\/avatar\/d4df44a502510dc8fe5b0be415308b35?s=96&d=mm&r=g","caption":"mbil-tsn-adm"},"url":"https:\/\/www.mobiltesino.it\/de\/author\/mbil-tsn-adm\/"}]}},"_links":{"self":[{"href":"https:\/\/www.mobiltesino.it\/de\/wp-json\/wp\/v2\/posts\/4640"}],"collection":[{"href":"https:\/\/www.mobiltesino.it\/de\/wp-json\/wp\/v2\/posts"}],"about":[{"href":"https:\/\/www.mobiltesino.it\/de\/wp-json\/wp\/v2\/types\/post"}],"author":[{"embeddable":true,"href":"https:\/\/www.mobiltesino.it\/de\/wp-json\/wp\/v2\/users\/9"}],"replies":[{"embeddable":true,"href":"https:\/\/www.mobiltesino.it\/de\/wp-json\/wp\/v2\/comments?post=4640"}],"version-history":[{"count":7,"href":"https:\/\/www.mobiltesino.it\/de\/wp-json\/wp\/v2\/posts\/4640\/revisions"}],"predecessor-version":[{"id":5549,"href":"https:\/\/www.mobiltesino.it\/de\/wp-json\/wp\/v2\/posts\/4640\/revisions\/5549"}],"wp:featuredmedia":[{"embeddable":true,"href":"https:\/\/www.mobiltesino.it\/de\/wp-json\/wp\/v2\/media\/3133"}],"wp:attachment":[{"href":"https:\/\/www.mobiltesino.it\/de\/wp-json\/wp\/v2\/media?parent=4640"}],"wp:term":[{"taxonomy":"category","embeddable":true,"href":"https:\/\/www.mobiltesino.it\/de\/wp-json\/wp\/v2\/categories?post=4640"},{"taxonomy":"post_tag","embeddable":true,"href":"https:\/\/www.mobiltesino.it\/de\/wp-json\/wp\/v2\/tags?post=4640"},{"taxonomy":"tax_2861","embeddable":true,"href":"https:\/\/www.mobiltesino.it\/de\/wp-json\/wp\/v2\/tax_2861?post=4640"}],"curies":[{"name":"wp","href":"https:\/\/api.w.org\/{rel}","templated":true}]}}